{"id":21993,"date":"2015-11-19T10:26:13","date_gmt":"2015-11-19T09:26:13","guid":{"rendered":"https:\/\/www.soleum.de\/rozdil-mezi-parni-lazni-a-soleum\/"},"modified":"2023-09-22T12:28:15","modified_gmt":"2023-09-22T10:28:15","slug":"rozdil-mezi-parni-lazni-a-soleum","status":"publish","type":"post","link":"https:\/\/www.soleum.de\/cs\/rozdil-mezi-parni-lazni-a-soleum\/","title":{"rendered":"Rozd\u00edl mezi parn\u00ed l\u00e1zn\u00ed a SOLEUM"},"content":{"rendered":"<p class=\"lead\">Jak\u00fd je rozd\u00edl mezi parn\u00ed l\u00e1zn\u00ed a SOLEUM?<\/p>\n<p>Z\u00e1kladn\u00ed struktura kabiny je v\u017edy stejn\u00e1. Speci\u00e1ln\u00ed vodot\u011bsn\u00e9 izola\u010dn\u00ed moduly a lavice od. Vle\u017ee. V parn\u00ed l\u00e1zni se obvykle zah\u0159\u00edvaj\u00ed <strong>pouze<\/strong> ty povrchy, s nimi\u017e m\u016f\u017eete p\u0159ij\u00edt do styku (lavice, podlaha, p\u0159\u00edpadn\u011b bo\u010dn\u00ed \u010d\u00e1sti st\u011bn). U syst\u00e9mu SOLEUM je kabina kompletn\u011b vyh\u0159\u00edvan\u00e1 (krom\u011b polohy ventil\u016f a ovl\u00e1dac\u00edch prvk\u016f). To m\u00e1 samoz\u0159ejm\u011b vliv i na cenu. D\u00e1le &#8211; a to je nesm\u00edrn\u011b d\u016fle\u017eit\u00e1 \u010d\u00e1st t\u00e9to definice &#8211; se pou\u017e\u00edv\u00e1 v\u00fdkonn\u00e1 technika rozpra\u0161ov\u00e1n\u00ed solanky (naz\u00fdvan\u00e1 tak\u00e9 rozpra\u0161ov\u00e1n\u00ed solanky, inhalace solanky)!<\/p>\n<blockquote>\n<p>Parn\u00ed l\u00e1ze\u0148 v\u0161ak m\u016f\u017eete samoz\u0159ejm\u011b doplnit technikou inhalace solanky! Funguje to stejn\u011b a tak\u00e9 by se jednalo o &#8222;soleum&#8220; v nej\u0161ir\u0161\u00edm slova smyslu.<\/p>\n<\/blockquote>\n<h3>Jak\u00e1 je maxim\u00e1ln\u00ed velikost soleum?<\/h3>\n<p>Velikost nen\u00ed v z\u00e1sad\u011b nijak omezena. Ve v\u011bt\u0161\u00edch kabin\u00e1ch se soln\u00e1 mlha tvo\u0159\u00ed d\u00e9le ne\u017e v men\u0161\u00edch kabin\u00e1ch. Lze zv\u00e1\u017eit n\u00e1kup druh\u00e9ho syst\u00e9mu. V\u011bt\u0161inou si v\u0161ak vysta\u010d\u00edte s mlhov\u00fdm syst\u00e9mem. U v\u011bt\u0161\u00edch kabin doporu\u010dujeme pou\u017e\u00edt tak\u00e9 parn\u00ed gener\u00e1tor, proto\u017ee m\u016f\u017eete zvolit je\u0161t\u011b vy\u0161\u0161\u00ed teplotu.<\/p>\n            <div class=\"row\"><div class=\"large-12 col\">\n          <div style=\"background-color:#FFF;\" class=\"slider flipContainer slider-nav-circle slide box-shadow-2\"\n            data-flickity-options='{\n              \"cellAlign\": \"center\",\n              \"wrapAround\": true,\n              \"percentPosition\": true,\n              \"imagesLoaded\": true,\n              \"pageDots\": true,\n              \"contain\": true\n          }'>\n                        <div class=\"slide\" style=\"background-color:#FFF;\">  <div class=\"row row-collapse align-middle flip-slide\" style=\"width:100%\">\n        <div class=\"large-6 col flip-page-one\">\n        <div class=\"featured-product col-inner\">\n          <a href=\"https:\/\/www.soleum.de\/cs\/shop\/mlzeni-solnym-roztokem\/mlzeni-solnym-roztokem-pro-parni-lazen\/\">\n                <div class=\"product-image relative\">\n                   <div class=\"front-image\">\n                    <img loading=\"lazy\" decoding=\"async\" width=\"510\" height=\"338\" src=\"https:\/\/www.soleum.de\/wp-content\/uploads\/2016\/10\/Solevernebelung_fuer_Dampfbad-510x338.jpg\" class=\"attachment-woocommerce_single size-woocommerce_single wp-post-image\" alt=\"Ml\u017een\u00ed soln\u00fdm roztokem pro parn\u00ed l\u00e1ze\u0148\" srcset=\"https:\/\/www.soleum.de\/wp-content\/uploads\/2016\/10\/Solevernebelung_fuer_Dampfbad-510x338.jpg 510w, https:\/\/www.soleum.de\/wp-content\/uploads\/2016\/10\/Solevernebelung_fuer_Dampfbad.jpg 600w\" sizes=\"auto, (max-width: 510px) 100vw, 510px\" \/>                  <\/div>\n                  \n<div class=\"badge-container absolute left top z-1\">\n\n<\/div>\n                <\/div>\n          <\/a>\n        <\/div>\n        <\/div>\n       <div class=\"large-6 col flip-page-two\">\n        <div class=\"product-info col-inner inner-padding\">\n              <h1 class=\"entry-title\"><a href=\"https:\/\/www.soleum.de\/cs\/shop\/mlzeni-solnym-roztokem\/mlzeni-solnym-roztokem-pro-parni-lazen\/\">Ml\u017een\u00ed soln\u00fdm roztokem pro parn\u00ed l\u00e1ze\u0148<\/a><\/h1>\n              <div class=\"is-divider medium\"><\/div>\n              <div class=\"price-wrapper\">\n\t<p class=\"price product-page-price \">\n  <span class=\"woocommerce-Price-amount amount\"><bdi>1.490,00&nbsp;<span class=\"woocommerce-Price-currencySymbol\">&euro;<\/span><\/bdi><\/span> <small class=\"woocommerce-price-suffix\">inkl. MWSt.<\/small><\/p>\n<\/div>\n<div class=\"product-short-description\">\n\t<p><span id=\"product_name\">S na\u0161\u00edm rozpra\u0161ova\u010dem solanky (inhala\u010dn\u00edm syst\u00e9mem) pro parn\u00ed l\u00e1zn\u011b a parn\u00ed sprchy m\u016f\u017eete rozpra\u0161ovat solanku a tak\u00e9 r\u016fzn\u00e9 l\u00e9\u010div\u00e9 \u010daje. <\/span>T\u00edm se va\u0161e parn\u00ed l\u00e1ze\u0148 nebo parn\u00ed sprcha zm\u011bn\u00ed na velmi soukromou inhala\u010dn\u00ed kabinu &#8211; m\u00e1me nejv\u00fdkonn\u011bj\u0161\u00ed syst\u00e9m ml\u017een\u00ed solanky pro parn\u00ed l\u00e1zn\u011b!<\/p>\n<\/div>\n<div class=\"product_meta\">\n\n\t\n\t\n\t\t<span class=\"sku_wrapper\">SKU: <span class=\"sku\">62100000000<\/span><\/span>\n\n\t\n\t<span class=\"posted_in\">Kategorie: <a href=\"https:\/\/www.soleum.de\/cs\/produkt-kategorie\/mlzeni-solnym-roztokem\/\" rel=\"tag\">Ml\u017een\u00ed soln\u00fdm roztokem<\/a>, <a href=\"https:\/\/www.soleum.de\/cs\/produkt-kategorie\/technologie-parni-lazne\/\" rel=\"tag\">Technologie parn\u00ed l\u00e1zn\u011b<\/a><\/span>\n\t<span class=\"tagged_as\">\u0160t\u00edtk\u016f: <a href=\"https:\/\/www.soleum.de\/cs\/produkt-schlagwort\/inhalace\/\" rel=\"tag\">inhalace<\/a>, <a href=\"https:\/\/www.soleum.de\/cs\/produkt-schlagwort\/inhalace-kone\/\" rel=\"tag\">Inhalace kon\u011b<\/a>, <a href=\"https:\/\/www.soleum.de\/cs\/produkt-schlagwort\/inhalace-solanky\/\" rel=\"tag\">Inhalace solanky<\/a>, <a href=\"https:\/\/www.soleum.de\/cs\/produkt-schlagwort\/inhalace-solanky-pro-kone\/\" rel=\"tag\">Inhalace solanky pro kon\u011b<\/a>, <a href=\"https:\/\/www.soleum.de\/cs\/produkt-schlagwort\/inhalace-soli\/\" rel=\"tag\">Inhalace soli<\/a>, <a href=\"https:\/\/www.soleum.de\/cs\/produkt-schlagwort\/inhalace-v-parni-lazni\/\" rel=\"tag\">inhalace v parn\u00ed l\u00e1zni<\/a>, <a href=\"https:\/\/www.soleum.de\/cs\/produkt-schlagwort\/inhalacni-kun\/\" rel=\"tag\">Inhala\u010dn\u00ed k\u016f\u0148<\/a>, <a href=\"https:\/\/www.soleum.de\/cs\/produkt-schlagwort\/kompresor-solanky\/\" rel=\"tag\">Kompresor solanky<\/a>, <a href=\"https:\/\/www.soleum.de\/cs\/produkt-schlagwort\/mlzeni-soli\/\" rel=\"tag\">Ml\u017een\u00ed sol\u00ed<\/a>, <a href=\"https:\/\/www.soleum.de\/cs\/produkt-schlagwort\/mlzeni-solnym-roztokem\/\" rel=\"tag\">Ml\u017een\u00ed soln\u00fdm roztokem<\/a>, <a href=\"https:\/\/www.soleum.de\/cs\/produkt-schlagwort\/mlzeni-solnym-roztokem-pro-parni-lazen\/\" rel=\"tag\">Ml\u017een\u00ed soln\u00fdm roztokem pro parn\u00ed l\u00e1ze\u0148<\/a>, <a href=\"https:\/\/www.soleum.de\/cs\/produkt-schlagwort\/solanka\/\" rel=\"tag\">Solanka<\/a>, <a href=\"https:\/\/www.soleum.de\/cs\/produkt-schlagwort\/solanka-cs\/\" rel=\"tag\">Solanka<\/a>, <a href=\"https:\/\/www.soleum.de\/cs\/produkt-schlagwort\/solanka-v-parni-lazni\/\" rel=\"tag\">Solanka v parn\u00ed l\u00e1zni<\/a>, <a href=\"https:\/\/www.soleum.de\/cs\/produkt-schlagwort\/solankove-parni-lazne\/\" rel=\"tag\">Solankov\u00e9 parn\u00ed l\u00e1zn\u011b<\/a>, <a href=\"https:\/\/www.soleum.de\/cs\/produkt-schlagwort\/solegenerator-cs\/\" rel=\"tag\">Solegenerator<\/a>, <a href=\"https:\/\/www.soleum.de\/cs\/produkt-schlagwort\/solenebler-cs\/\" rel=\"tag\">Solenebler<\/a>, <a href=\"https:\/\/www.soleum.de\/cs\/produkt-schlagwort\/solna-mlha\/\" rel=\"tag\">Soln\u00e1 mlha<\/a>, <a href=\"https:\/\/www.soleum.de\/cs\/produkt-schlagwort\/solny-sprej\/\" rel=\"tag\">Soln\u00fd sprej<\/a>, <a href=\"https:\/\/www.soleum.de\/cs\/produkt-schlagwort\/technika-inhalace-solanky\/\" rel=\"tag\">Technika inhalace solanky<\/a>, <a href=\"https:\/\/www.soleum.de\/cs\/produkt-schlagwort\/technika-inhalace-soli\/\" rel=\"tag\">Technika inhalace soli<\/a>, <a href=\"https:\/\/www.soleum.de\/cs\/produkt-schlagwort\/technologie-rozprasovani-solanky\/\" rel=\"tag\">Technologie rozpra\u0161ov\u00e1n\u00ed solanky<\/a><\/span>\n\t\n<\/div>\n              <a href=\"https:\/\/www.soleum.de\/cs\/shop\/mlzeni-solnym-roztokem\/mlzeni-solnym-roztokem-pro-parni-lazen\/\" class=\"button\">\u010ct\u011bte v\u00edce<\/a>\n         <\/div>\n        <\/div>\n<\/div>\n<\/div>\n                    <\/div>\n          <\/div><\/div>\n          \n","protected":false},"excerpt":{"rendered":"<p>Jak\u00fd je rozd\u00edl mezi parn\u00ed l\u00e1zn\u00ed a SOLEUM? Z\u00e1kladn\u00ed struktura kabiny je v\u017edy stejn\u00e1. Speci\u00e1ln\u00ed vodot\u011bsn\u00e9 izola\u010dn\u00ed moduly a lavice od. Vle\u017ee. V parn\u00ed l\u00e1zni se obvykle zah\u0159\u00edvaj\u00ed pouze ty povrchy, s nimi\u017e m\u016f\u017eete p\u0159ij\u00edt do styku (lavice, podlaha, p\u0159\u00edpadn\u011b bo\u010dn\u00ed \u010d\u00e1sti st\u011bn). U syst\u00e9mu SOLEUM je kabina kompletn\u011b vyh\u0159\u00edvan\u00e1 (krom\u011b polohy ventil\u016f a ovl\u00e1dac\u00edch [&#8230;]\n","protected":false},"author":1,"featured_media":11779,"comment_status":"open","ping_status":"open","sticky":false,"template":"","format":"standard","meta":{"footnotes":""},"categories":[1555],"tags":[],"class_list":["post-21993","post","type-post","status-publish","format-standard","has-post-thumbnail","hentry","category-nezarazene"],"_links":{"self":[{"href":"https:\/\/www.soleum.de\/cs\/wp-json\/wp\/v2\/posts\/21993","targetHints":{"allow":["GET"]}}],"collection":[{"href":"https:\/\/www.soleum.de\/cs\/wp-json\/wp\/v2\/posts"}],"about":[{"href":"https:\/\/www.soleum.de\/cs\/wp-json\/wp\/v2\/types\/post"}],"author":[{"embeddable":true,"href":"https:\/\/www.soleum.de\/cs\/wp-json\/wp\/v2\/users\/1"}],"replies":[{"embeddable":true,"href":"https:\/\/www.soleum.de\/cs\/wp-json\/wp\/v2\/comments?post=21993"}],"version-history":[{"count":2,"href":"https:\/\/www.soleum.de\/cs\/wp-json\/wp\/v2\/posts\/21993\/revisions"}],"predecessor-version":[{"id":21997,"href":"https:\/\/www.soleum.de\/cs\/wp-json\/wp\/v2\/posts\/21993\/revisions\/21997"}],"wp:featuredmedia":[{"embeddable":true,"href":"https:\/\/www.soleum.de\/cs\/wp-json\/wp\/v2\/media\/11779"}],"wp:attachment":[{"href":"https:\/\/www.soleum.de\/cs\/wp-json\/wp\/v2\/media?parent=21993"}],"wp:term":[{"taxonomy":"category","embeddable":true,"href":"https:\/\/www.soleum.de\/cs\/wp-json\/wp\/v2\/categories?post=21993"},{"taxonomy":"post_tag","embeddable":true,"href":"https:\/\/www.soleum.de\/cs\/wp-json\/wp\/v2\/tags?post=21993"}],"curies":[{"name":"wp","href":"https:\/\/api.w.org\/{rel}","templated":true}]}}