{"id":22042,"date":"2015-10-13T21:13:41","date_gmt":"2015-10-13T19:13:41","guid":{"rendered":"https:\/\/www.soleum.de\/soleum-jako-parni-sprcha\/"},"modified":"2015-10-13T21:13:41","modified_gmt":"2015-10-13T19:13:41","slug":"soleum-jako-parni-sprcha","status":"publish","type":"post","link":"https:\/\/www.soleum.de\/cs\/soleum-jako-parni-sprcha\/","title":{"rendered":"Soleum jako parn\u00ed sprcha"},"content":{"rendered":"<p>V klasick\u00e9m soleu nen\u00ed parn\u00ed gener\u00e1tor nutn\u00fd, ale pou\u017e\u00edv\u00e1 se v 98 % p\u0159\u00edpad\u016f! V\u011bt\u0161ina z\u00e1kazn\u00edk\u016f si po\u0159izuje parn\u00ed gener\u00e1tor ihned, proto\u017ee dodate\u010dn\u00e1 mont\u00e1\u017e je obt\u00ed\u017en\u00e1 a n\u00e1kladn\u00e1.<\/p>\n<p>V modelu Soleum jsou v\u0161echny st\u011bnov\u00e9 prvky, sedac\u00ed a podlahov\u00e9 \u010d\u00e1sti vyh\u0159\u00edv\u00e1ny speci\u00e1ln\u00edmi velmi v\u00fdkonn\u00fdmi elektrick\u00fdmi topn\u00fdmi roho\u017eemi. Ty vytv\u00e1\u0159ej\u00ed v kabin\u011b p\u0159\u00edjemn\u00e9 s\u00e1lav\u00e9 teplo. T\u00edm se li\u0161\u00ed od p\u0159eh\u0159\u00e1t\u00e9 p\u00e1ry, kter\u00e1 zaji\u0161\u0165uje pot\u0159ebnou teplotu (~40-42 \u00b0C) v parn\u00ed spr\u0161e nebo parn\u00ed kabin\u011b.<\/p>\n<div id='gallery-1' class='gallery galleryid-22042 gallery-columns-4 gallery-size-large'><figure class='gallery-item'>\n\t\t\t<div class='gallery-icon portrait'>\n\t\t\t\t<a href='https:\/\/www.soleum.de\/wp-content\/uploads\/2017\/02\/Badewanne-raus-Dampfdusche-rein-03.jpg'><img loading=\"lazy\" decoding=\"async\" width=\"532\" height=\"800\" src=\"https:\/\/www.soleum.de\/wp-content\/uploads\/2017\/02\/Badewanne-raus-Dampfdusche-rein-03-532x800.jpg\" class=\"attachment-large size-large\" alt=\"\" srcset=\"https:\/\/www.soleum.de\/wp-content\/uploads\/2017\/02\/Badewanne-raus-Dampfdusche-rein-03-532x800.jpg 532w, https:\/\/www.soleum.de\/wp-content\/uploads\/2017\/02\/Badewanne-raus-Dampfdusche-rein-03-510x767.jpg 510w, https:\/\/www.soleum.de\/wp-content\/uploads\/2017\/02\/Badewanne-raus-Dampfdusche-rein-03-266x400.jpg 266w, https:\/\/www.soleum.de\/wp-content\/uploads\/2017\/02\/Badewanne-raus-Dampfdusche-rein-03-768x1155.jpg 768w, https:\/\/www.soleum.de\/wp-content\/uploads\/2017\/02\/Badewanne-raus-Dampfdusche-rein-03.jpg 798w\" sizes=\"auto, (max-width: 532px) 100vw, 532px\" \/><\/a>\n\t\t\t<\/div><\/figure><figure class='gallery-item'>\n\t\t\t<div class='gallery-icon portrait'>\n\t\t\t\t<a href='https:\/\/www.soleum.de\/wp-content\/uploads\/2017\/02\/Dampfdusche-Solevernebelung.jpg'><img loading=\"lazy\" decoding=\"async\" width=\"532\" height=\"800\" src=\"https:\/\/www.soleum.de\/wp-content\/uploads\/2017\/02\/Dampfdusche-Solevernebelung-532x800.jpg\" class=\"attachment-large size-large\" alt=\"\" srcset=\"https:\/\/www.soleum.de\/wp-content\/uploads\/2017\/02\/Dampfdusche-Solevernebelung-532x800.jpg 532w, https:\/\/www.soleum.de\/wp-content\/uploads\/2017\/02\/Dampfdusche-Solevernebelung-510x767.jpg 510w, https:\/\/www.soleum.de\/wp-content\/uploads\/2017\/02\/Dampfdusche-Solevernebelung-266x400.jpg 266w, https:\/\/www.soleum.de\/wp-content\/uploads\/2017\/02\/Dampfdusche-Solevernebelung-768x1155.jpg 768w, https:\/\/www.soleum.de\/wp-content\/uploads\/2017\/02\/Dampfdusche-Solevernebelung.jpg 798w\" sizes=\"auto, (max-width: 532px) 100vw, 532px\" \/><\/a>\n\t\t\t<\/div><\/figure><figure class='gallery-item'>\n\t\t\t<div class='gallery-icon portrait'>\n\t\t\t\t<a href='https:\/\/www.soleum.de\/wp-content\/uploads\/2017\/02\/Laconium-Dampfbad-Linz-004.jpg'><img loading=\"lazy\" decoding=\"async\" width=\"532\" height=\"800\" src=\"https:\/\/www.soleum.de\/wp-content\/uploads\/2017\/02\/Laconium-Dampfbad-Linz-004-532x800.jpg\" class=\"attachment-large size-large\" alt=\"\" srcset=\"https:\/\/www.soleum.de\/wp-content\/uploads\/2017\/02\/Laconium-Dampfbad-Linz-004-532x800.jpg 532w, https:\/\/www.soleum.de\/wp-content\/uploads\/2017\/02\/Laconium-Dampfbad-Linz-004-510x767.jpg 510w, https:\/\/www.soleum.de\/wp-content\/uploads\/2017\/02\/Laconium-Dampfbad-Linz-004-266x400.jpg 266w, https:\/\/www.soleum.de\/wp-content\/uploads\/2017\/02\/Laconium-Dampfbad-Linz-004.jpg 681w\" sizes=\"auto, (max-width: 532px) 100vw, 532px\" \/><\/a>\n\t\t\t<\/div><\/figure>\n\t\t<\/div>\n\n","protected":false},"excerpt":{"rendered":"<p>Z\u00e1kladn\u00ed struktura kabiny je v\u017edy stejn\u00e1. Speci\u00e1ln\u00ed vodot\u011bsn\u00e9 izola\u010dn\u00ed moduly a lavice od. Vle\u017ee. V parn\u00ed l\u00e1zni se obvykle zah\u0159\u00edvaj\u00ed pouze ty povrchy, s nimi\u017e m\u016f\u017eete p\u0159ij\u00edt do styku (lavice, podlaha, p\u0159\u00edpadn\u011b bo\u010dn\u00ed \u010d\u00e1sti st\u011bn). U syst\u00e9mu SOLEUM je kabina kompletn\u011b vyh\u0159\u00edvan\u00e1 (krom\u011b polohy ventil\u016f a ovl\u00e1dac\u00edch prvk\u016f). To m\u00e1 samoz\u0159ejm\u011b vliv i na cenu.<\/p>\n","protected":false},"author":1,"featured_media":11786,"comment_status":"open","ping_status":"open","sticky":false,"template":"","format":"standard","meta":{"footnotes":""},"categories":[1555],"tags":[1579,1557,1556,1558],"class_list":["post-22042","post","type-post","status-publish","format-standard","has-post-thumbnail","hentry","category-nezarazene","tag-parni-sprcha","tag-slana-kabina","tag-soleum-cs","tag-soleum-jako-parni-sprcha"],"_links":{"self":[{"href":"https:\/\/www.soleum.de\/cs\/wp-json\/wp\/v2\/posts\/22042","targetHints":{"allow":["GET"]}}],"collection":[{"href":"https:\/\/www.soleum.de\/cs\/wp-json\/wp\/v2\/posts"}],"about":[{"href":"https:\/\/www.soleum.de\/cs\/wp-json\/wp\/v2\/types\/post"}],"author":[{"embeddable":true,"href":"https:\/\/www.soleum.de\/cs\/wp-json\/wp\/v2\/users\/1"}],"replies":[{"embeddable":true,"href":"https:\/\/www.soleum.de\/cs\/wp-json\/wp\/v2\/comments?post=22042"}],"version-history":[{"count":0,"href":"https:\/\/www.soleum.de\/cs\/wp-json\/wp\/v2\/posts\/22042\/revisions"}],"wp:featuredmedia":[{"embeddable":true,"href":"https:\/\/www.soleum.de\/cs\/wp-json\/wp\/v2\/media\/11786"}],"wp:attachment":[{"href":"https:\/\/www.soleum.de\/cs\/wp-json\/wp\/v2\/media?parent=22042"}],"wp:term":[{"taxonomy":"category","embeddable":true,"href":"https:\/\/www.soleum.de\/cs\/wp-json\/wp\/v2\/categories?post=22042"},{"taxonomy":"post_tag","embeddable":true,"href":"https:\/\/www.soleum.de\/cs\/wp-json\/wp\/v2\/tags?post=22042"}],"curies":[{"name":"wp","href":"https:\/\/api.w.org\/{rel}","templated":true}]}}