{"id":22824,"date":"2020-02-14T16:50:52","date_gmt":"2020-02-14T15:50:52","guid":{"rendered":"https:\/\/www.soleum.de\/soleum-marine-climate-cabin-omega\/"},"modified":"2023-09-22T12:31:24","modified_gmt":"2023-09-22T10:31:24","slug":"soleum-marine-climate-cabin-omega","status":"publish","type":"post","link":"https:\/\/www.soleum.de\/cs\/soleum-marine-climate-cabin-omega\/","title":{"rendered":"SOLEUM Marine Climate Cabin OMEGA"},"content":{"rendered":"\n<h3 data-fontsize=\"36\" data-lineheight=\"45\">N\u00e1mo\u0159n\u00ed klimatick\u00e1 kabina OMEGA<\/h3>\n<h3 class=\"thin-font\">SOLEUM SPA pro vnit\u0159n\u00ed i venkovn\u00ed pou\u017eit\u00ed<\/h3>\n<div class=\"fusion-text\">\n<p><a href=\"https:\/\/soleum.com\/treatment\/meeresklimakabine-omega\/\">Kabina s mo\u0159skou klimatizac\u00ed OMEGA<\/a> je kulat\u00e1, futuristick\u00e1 a stylov\u00e1. Tato wellness a l\u00e9\u010debn\u00e1 kabina byla navr\u017eena pro soukrom\u00e9 i komer\u010dn\u00ed vyu\u017eit\u00ed. <strong>Speci\u00e1ln\u00ed kulat\u00fd tvar<\/strong> a metody o\u0161et\u0159en\u00ed, jako je <strong>inhalace solanky, v kombinaci s barevn\u00fdm sv\u011btlem<\/strong> d\u011blaj\u00ed z tohoto v\u00fdrobku <strong>p\u016fsobivou atrakci<\/strong> na va\u0161em m\u00edst\u011b.<\/p>\n<\/div>\n<div class=\"slider-wrapper relative\" id=\"slider-1228936878\" >\n    <div class=\"slider slider-nav-circle slider-nav-large slider-nav-light slider-style-normal\"\n        data-flickity-options='{\n            \"cellAlign\": \"center\",\n            \"imagesLoaded\": true,\n            \"lazyLoad\": 1,\n            \"freeScroll\": false,\n            \"wrapAround\": true,\n            \"autoPlay\": 6000,\n            \"pauseAutoPlayOnHover\" : true,\n            \"prevNextButtons\": true,\n            \"contain\" : true,\n            \"adaptiveHeight\" : true,\n            \"dragThreshold\" : 10,\n            \"percentPosition\": true,\n            \"pageDots\": true,\n            \"rightToLeft\": false,\n            \"draggable\": true,\n            \"selectedAttraction\": 0.1,\n            \"parallax\" : 0,\n            \"friction\": 0.6        }'\n        >\n        \n\n\t<div class=\"img has-hover x md-x lg-x y md-y lg-y\" id=\"image_1893852583\">\n\t\t\t\t\t\t\t\t<div class=\"img-inner dark\" >\n\t\t\t<img loading=\"lazy\" decoding=\"async\" width=\"697\" height=\"464\" src=\"https:\/\/www.soleum.de\/wp-content\/uploads\/2020\/02\/Soleum-OMEGA.jpg\" class=\"attachment-large size-large\" alt=\"\" srcset=\"https:\/\/www.soleum.de\/wp-content\/uploads\/2020\/02\/Soleum-OMEGA.jpg 697w, https:\/\/www.soleum.de\/wp-content\/uploads\/2020\/02\/Soleum-OMEGA-601x400.jpg 601w, https:\/\/www.soleum.de\/wp-content\/uploads\/2020\/02\/Soleum-OMEGA-510x340.jpg 510w\" sizes=\"auto, (max-width: 697px) 100vw, 697px\" \/>\t\t\t\t\t\t\n\t\t\t\t\t<\/div>\n\t\t\t\t\t\t\t\t\n<style>\n#image_1893852583 {\n  width: 100%;\n}\n<\/style>\n\t<\/div>\n\t\n\n\t<div class=\"img has-hover x md-x lg-x y md-y lg-y\" id=\"image_1279023503\">\n\t\t\t\t\t\t\t\t<div class=\"img-inner dark\" >\n\t\t\t<img loading=\"lazy\" decoding=\"async\" width=\"697\" height=\"383\" src=\"https:\/\/www.soleum.de\/wp-content\/uploads\/2020\/02\/Meeresklimakabine-Soleum-SPA-3.jpg\" class=\"attachment-large size-large\" alt=\"\" srcset=\"https:\/\/www.soleum.de\/wp-content\/uploads\/2020\/02\/Meeresklimakabine-Soleum-SPA-3.jpg 697w, https:\/\/www.soleum.de\/wp-content\/uploads\/2020\/02\/Meeresklimakabine-Soleum-SPA-3-510x280.jpg 510w\" sizes=\"auto, (max-width: 697px) 100vw, 697px\" \/>\t\t\t\t\t\t\n\t\t\t\t\t<\/div>\n\t\t\t\t\t\t\t\t\n<style>\n#image_1279023503 {\n  width: 100%;\n}\n<\/style>\n\t<\/div>\n\t\n\n\t<div class=\"img has-hover x md-x lg-x y md-y lg-y\" id=\"image_1826130754\">\n\t\t\t\t\t\t\t\t<div class=\"img-inner dark\" >\n\t\t\t<img loading=\"lazy\" decoding=\"async\" width=\"697\" height=\"383\" src=\"https:\/\/www.soleum.de\/wp-content\/uploads\/2020\/02\/Meeresklimakabine-Soleum-SPA-9.jpg\" class=\"attachment-large size-large\" alt=\"\" srcset=\"https:\/\/www.soleum.de\/wp-content\/uploads\/2020\/02\/Meeresklimakabine-Soleum-SPA-9.jpg 697w, https:\/\/www.soleum.de\/wp-content\/uploads\/2020\/02\/Meeresklimakabine-Soleum-SPA-9-510x280.jpg 510w\" sizes=\"auto, (max-width: 697px) 100vw, 697px\" \/>\t\t\t\t\t\t\n\t\t\t\t\t<\/div>\n\t\t\t\t\t\t\t\t\n<style>\n#image_1826130754 {\n  width: 100%;\n}\n<\/style>\n\t<\/div>\n\t\n\n\t<div class=\"img has-hover x md-x lg-x y md-y lg-y\" id=\"image_1079845243\">\n\t\t\t\t\t\t\t\t<div class=\"img-inner dark\" >\n\t\t\t<img loading=\"lazy\" decoding=\"async\" width=\"697\" height=\"383\" src=\"https:\/\/www.soleum.de\/wp-content\/uploads\/2020\/02\/Meeresklimakabine-Soleum-SPA-10.jpg\" class=\"attachment-large size-large\" alt=\"\" srcset=\"https:\/\/www.soleum.de\/wp-content\/uploads\/2020\/02\/Meeresklimakabine-Soleum-SPA-10.jpg 697w, https:\/\/www.soleum.de\/wp-content\/uploads\/2020\/02\/Meeresklimakabine-Soleum-SPA-10-510x280.jpg 510w\" sizes=\"auto, (max-width: 697px) 100vw, 697px\" \/>\t\t\t\t\t\t\n\t\t\t\t\t<\/div>\n\t\t\t\t\t\t\t\t\n<style>\n#image_1079845243 {\n  width: 100%;\n}\n<\/style>\n\t<\/div>\n\t\n\n\t<div class=\"img has-hover x md-x lg-x y md-y lg-y\" id=\"image_1166110829\">\n\t\t\t\t\t\t\t\t<div class=\"img-inner dark\" >\n\t\t\t<img loading=\"lazy\" decoding=\"async\" width=\"697\" height=\"383\" src=\"https:\/\/www.soleum.de\/wp-content\/uploads\/2020\/02\/Meeresklimakabine-Soleum-SPA-7.jpg\" class=\"attachment-large size-large\" alt=\"\" srcset=\"https:\/\/www.soleum.de\/wp-content\/uploads\/2020\/02\/Meeresklimakabine-Soleum-SPA-7.jpg 697w, https:\/\/www.soleum.de\/wp-content\/uploads\/2020\/02\/Meeresklimakabine-Soleum-SPA-7-510x280.jpg 510w\" sizes=\"auto, (max-width: 697px) 100vw, 697px\" \/>\t\t\t\t\t\t\n\t\t\t\t\t<\/div>\n\t\t\t\t\t\t\t\t\n<style>\n#image_1166110829 {\n  width: 100%;\n}\n<\/style>\n\t<\/div>\n\t\n\n\t<div class=\"img has-hover x md-x lg-x y md-y lg-y\" id=\"image_342308582\">\n\t\t\t\t\t\t\t\t<div class=\"img-inner dark\" >\n\t\t\t<img loading=\"lazy\" decoding=\"async\" width=\"697\" height=\"383\" src=\"https:\/\/www.soleum.de\/wp-content\/uploads\/2020\/02\/Meeresklimakabine-Soleum-SPA-12.jpg\" class=\"attachment-large size-large\" alt=\"\" srcset=\"https:\/\/www.soleum.de\/wp-content\/uploads\/2020\/02\/Meeresklimakabine-Soleum-SPA-12.jpg 697w, https:\/\/www.soleum.de\/wp-content\/uploads\/2020\/02\/Meeresklimakabine-Soleum-SPA-12-510x280.jpg 510w\" sizes=\"auto, (max-width: 697px) 100vw, 697px\" \/>\t\t\t\t\t\t\n\t\t\t\t\t<\/div>\n\t\t\t\t\t\t\t\t\n<style>\n#image_342308582 {\n  width: 100%;\n}\n<\/style>\n\t<\/div>\n\t\n\n\t<div class=\"img has-hover x md-x lg-x y md-y lg-y\" id=\"image_255947728\">\n\t\t\t\t\t\t\t\t<div class=\"img-inner dark\" >\n\t\t\t<img loading=\"lazy\" decoding=\"async\" width=\"697\" height=\"383\" src=\"https:\/\/www.soleum.de\/wp-content\/uploads\/2020\/02\/Meeresklimakabine-Soleum-SPA-2.jpg\" class=\"attachment-large size-large\" alt=\"\" srcset=\"https:\/\/www.soleum.de\/wp-content\/uploads\/2020\/02\/Meeresklimakabine-Soleum-SPA-2.jpg 697w, https:\/\/www.soleum.de\/wp-content\/uploads\/2020\/02\/Meeresklimakabine-Soleum-SPA-2-510x280.jpg 510w\" sizes=\"auto, (max-width: 697px) 100vw, 697px\" \/>\t\t\t\t\t\t\n\t\t\t\t\t<\/div>\n\t\t\t\t\t\t\t\t\n<style>\n#image_255947728 {\n  width: 100%;\n}\n<\/style>\n\t<\/div>\n\t\n\n\t<div class=\"img has-hover x md-x lg-x y md-y lg-y\" id=\"image_2010058460\">\n\t\t\t\t\t\t\t\t<div class=\"img-inner dark\" >\n\t\t\t<img loading=\"lazy\" decoding=\"async\" width=\"697\" height=\"383\" src=\"https:\/\/www.soleum.de\/wp-content\/uploads\/2020\/02\/Meeresklimakabine-Soleum-SPA-5.jpg\" class=\"attachment-large size-large\" alt=\"\" srcset=\"https:\/\/www.soleum.de\/wp-content\/uploads\/2020\/02\/Meeresklimakabine-Soleum-SPA-5.jpg 697w, https:\/\/www.soleum.de\/wp-content\/uploads\/2020\/02\/Meeresklimakabine-Soleum-SPA-5-510x280.jpg 510w\" sizes=\"auto, (max-width: 697px) 100vw, 697px\" \/>\t\t\t\t\t\t\n\t\t\t\t\t<\/div>\n\t\t\t\t\t\t\t\t\n<style>\n#image_2010058460 {\n  width: 100%;\n}\n<\/style>\n\t<\/div>\n\t\n\n\n     <\/div>\n\n     <div class=\"loading-spin dark large centered\"><\/div>\n\n\t<\/div>\n\n\n<p><strong>Kabina s mo\u0159sk\u00fdm klimatem je nov\u00fdm m\u00f3dn\u00edm vrcholem SPA pro:<br\/><\/strong><\/p>\n<ul>\n<li>Hotely<\/li>\n<li>Zdravotn\u00ed hotely<\/li>\n<li>Term\u00e1ln\u00ed l\u00e1zn\u011b<\/li>\n<li>Terapeutick\u00e9 podniky<\/li>\n<li>Zdravotn\u00ed st\u0159ediska<\/li>\n<li>Komun\u00e1ln\u00ed podniky (nap\u0159. ve\u0159ejn\u00e9 baz\u00e9ny)<\/li>\n<li>L\u00e1ze\u0148sk\u00e9 vily<\/li>\n<li>Denn\u00ed l\u00e1zn\u011b, fitness studia<\/li>\n<li>Baz\u00e9nov\u00e9 prostory<\/li>\n<\/ul>\n\t<div id=\"gap-2127452512\" class=\"gap-element clearfix\" style=\"display:block; height:auto;\">\n\t\t\n<style>\n#gap-2127452512 {\n  padding-top: 40px;\n}\n<\/style>\n\t<\/div>\n\t\n\n<p class=\"lead\">Aplikaci kabiny naleznete zde:<\/p>\n<div class=\"video video-fit mb\" style=\"padding-top:56.25%;\"><iframe loading=\"lazy\" title=\"Soleum Health SPA Meeresklimakabine\" width=\"1020\" height=\"574\" src=\"https:\/\/www.youtube.com\/embed\/UBSodZTZ3bc?feature=oembed\" frameborder=\"0\" allow=\"accelerometer; autoplay; clipboard-write; encrypted-media; gyroscope; picture-in-picture; web-share\" allowfullscreen><\/iframe><\/div>\n\n\t<div id=\"gap-1409747476\" class=\"gap-element clearfix\" style=\"display:block; height:auto;\">\n\t\t\n<style>\n#gap-1409747476 {\n  padding-top: 40px;\n}\n<\/style>\n\t<\/div>\n\t\n\n<h1 class=\"lead\">Aplikace:<\/h1>\n<ul>\n<li>zdrav\u00e1 inhalace soli<a href=\"https:\/\/soleum.com\/treatment\/feuchte-soleinhalation-thalassotherapie\/\">(vlhk\u00e1 soln\u00e1 mlha<\/a>).<\/li>\n<li><a href=\"https:\/\/soleum.com\/treatment\/tee-inhalieren-im-teedarium\/\">TEEDARIUM\u00ae<\/a>: r\u016fzn\u00e9 \u010dajov\u00e9 inhalace (he\u0159m\u00e1nek, m\u00e1ta peprn\u00e1, tymi\u00e1n, \u0161alv\u011bj).<\/li>\n<li>Tepeln\u00e1 kabina<a href=\"https:\/\/soleum.com\/treatment\/infrarot-strahlungswaerme\/\">(infra\u010derven\u00e9 s\u00e1lav\u00e9<\/a> teplo)<\/li>\n<li><a href=\"https:\/\/soleum.com\/treatment\/farblichtstimmung\/\">Barevn\u00e9 sv\u011btlo<\/a><\/li>\n<li>Zvukov\u00fd syst\u00e9m<\/li>\n<li><a href=\"https:\/\/soleum.com\/treatment\/smart-control\/\">Smart Control<\/a> &#8211; ovl\u00e1d\u00e1n\u00ed p\u0159es smartphone\/WEB<\/li>\n<li>V kabin\u011b se mohou objevit \u0159asy nebo bahno.<\/li>\n<li>B\u011bhem wellness procedury je mo\u017en\u00e9 pot\u00edr\u00e1n\u00ed sol\u00ed<\/li>\n<\/ul>\n<p> <\/p>\n<ul>\n<li>VOLBA <a href=\"https:\/\/soleum.com\/treatment\/dampfbad\/\">Provoz s p\u00e1rou<\/a> (pro venkovn\u00ed instalaci mus\u00ed b\u00fdt p\u0159\u00edvod vody mrazuvzdorn\u00fd)<\/li>\n<li>MO\u017dNOST <a href=\"https:\/\/soleum.com\/treatment\/trockensalzinhalation-halotherapie\/\">Inhalace such\u00e9 soli (haloterapie<\/a>)<\/li>\n<li>\n<p>VOLBA V\u016fn\u011b prost\u0159ednictv\u00edm p\u00e1ry (ve spojen\u00ed s parn\u00edm gener\u00e1torem)<\/p>\n<\/li>\n<li>\n<p>MO\u017dNOST (pro soukrom\u00e9 z\u00e1kazn\u00edky) : Sprchov\u00e1 armatura<\/p>\n<\/li>\n<\/ul>\n\t<div id=\"gap-605812758\" class=\"gap-element clearfix\" style=\"display:block; height:auto;\">\n\t\t\n<style>\n#gap-605812758 {\n  padding-top: 40px;\n}\n<\/style>\n\t<\/div>\n\t\n\n<p class=\"lead\">Rozm\u011bry:<\/p>\n\t<div class=\"img has-hover x md-x lg-x y md-y lg-y\" id=\"image_86553899\">\n\t\t\t\t\t\t\t\t<div class=\"img-inner dark\" >\n\t\t\t<img loading=\"lazy\" decoding=\"async\" width=\"1000\" height=\"707\" src=\"https:\/\/www.soleum.de\/wp-content\/uploads\/2020\/02\/Technische-Zeichnung-OMEGA.jpg\" class=\"attachment-large size-large\" alt=\"\" srcset=\"https:\/\/www.soleum.de\/wp-content\/uploads\/2020\/02\/Technische-Zeichnung-OMEGA.jpg 1000w, https:\/\/www.soleum.de\/wp-content\/uploads\/2020\/02\/Technische-Zeichnung-OMEGA-566x400.jpg 566w, https:\/\/www.soleum.de\/wp-content\/uploads\/2020\/02\/Technische-Zeichnung-OMEGA-768x543.jpg 768w, https:\/\/www.soleum.de\/wp-content\/uploads\/2020\/02\/Technische-Zeichnung-OMEGA-510x361.jpg 510w\" sizes=\"auto, (max-width: 1000px) 100vw, 1000px\" \/>\t\t\t\t\t\t\n\t\t\t\t\t<\/div>\n\t\t\t\t\t\t\t\t\n<style>\n#image_86553899 {\n  width: 100%;\n}\n<\/style>\n\t<\/div>\n\t\n\n\t<div id=\"gap-1194855561\" class=\"gap-element clearfix\" style=\"display:block; height:auto;\">\n\t\t\n<style>\n#gap-1194855561 {\n  padding-top: 40px;\n}\n<\/style>\n\t<\/div>\n\t\n\n<h1 class=\"lead\">Inhalace such\u00e9 soli:<\/h1>\n<div class=\"fusion-text\">\n<p>V such\u00e9 form\u011b m\u00e1 s\u016fl nejsiln\u011bj\u0161\u00ed l\u00e9\u010div\u00e9 \u00fa\u010dinky na d\u00fdchac\u00ed org\u00e1ny a k\u016f\u017ei. Mikroskopicky jemn\u00e9 \u010d\u00e1stice soli jsou do syst\u00e9mu SOLEUM\u00ae vh\u00e1n\u011bny patentovanou technikou.<\/p>\n<p>Inhalace such\u00e9 soli stimuluje samo\u010distic\u00ed schopnost sliznic. P\u016fsob\u00ed protiz\u00e1n\u011btliv\u011b, baktericidn\u011b, dekongestivn\u011b a uvol\u0148uje hladk\u00e9 svalstvo d\u00fdchac\u00edch cest. Zlep\u0161uje se ventilace a d\u00fdch\u00e1n\u00ed. Terapie jemnou sol\u00ed prosp\u00edv\u00e1 tak\u00e9 cel\u00e9mu povrchu poko\u017eky, v\u00fdrazn\u011b se sni\u017euje z\u00e1n\u011bt a sv\u011bd\u011bn\u00ed k\u016f\u017ee.<\/p>\n<\/div>\n<div class=\"video video-fit mb\" style=\"padding-top:56.25%;\"><p><iframe loading=\"lazy\" title=\"Trockensalznebel\" width=\"1020\" height=\"574\" src=\"https:\/\/www.youtube.com\/embed\/PX9ObRaBUaQ?feature=oembed\" frameborder=\"0\" allow=\"accelerometer; autoplay; clipboard-write; encrypted-media; gyroscope; picture-in-picture; web-share\" allowfullscreen><\/iframe><\/p>\n<\/div>\n\n\t<div id=\"gap-1703282850\" class=\"gap-element clearfix\" style=\"display:block; height:auto;\">\n\t\t\n<style>\n#gap-1703282850 {\n  padding-top: 40px;\n}\n<\/style>\n\t<\/div>\n\t\n\n<h1 class=\"lead\">INHALACE VLHK\u00c9HO P\u00c1SU SOLENE a INHALACE \u010cAJE<\/h1>\n<div class=\"fusion-text\">\n<p>V za\u0159\u00edzen\u00ed Soleum\u00ae se rozpra\u0161uje jemn\u011b rozpra\u0161ovan\u00fd, z\u0159ed\u011bn\u00fd, <strong>nejodizovan\u00fd<\/strong> soln\u00fd roztok. Tento mo\u0159sk\u00fd vzduch naz\u00fdv\u00e1me thalassoterapi\u00ed &#8211; pro &#8222;skute\u010dnou&#8220; thalassoterapii existuj\u00ed jasn\u011b definovan\u00e9 p\u0159edpisy. Navzdory sv\u00e9mu n\u00e1zvu v\u0161ak thalassoterapie nen\u00ed &#8222;terapi\u00ed&#8220; v l\u00e9ka\u0159sk\u00e9m smyslu, proto\u017ee pat\u0159\u00ed do oblasti wellness a je ur\u010dena k podpo\u0159e l\u00e9\u010debn\u00fdch terapi\u00ed. Thalasso ve wellness centru slou\u017e\u00ed pouze k relaxaci.<\/p>\n<p>Inhalace vlhk\u00e9ho soln\u00e9ho roztoku je vhodn\u00e1 nejen pro d\u00fdch\u00e1n\u00ed, ale i pro celou poko\u017eku. S\u016fl na poko\u017ece zvy\u0161uje pocen\u00ed, \u010dist\u00ed, \u010dist\u00ed, vy\u017eivuje a m\u00e1 mimo\u0159\u00e1dn\u011b pozitivn\u00ed \u00fa\u010dinek na problematickou ple\u0165.<\/p>\n<\/div>\n<div class=\"video video-fit mb\" style=\"padding-top:56.25%;\"><p><iframe loading=\"lazy\" title=\"Solevernebelung im neuen SOLEUM\" width=\"1020\" height=\"574\" src=\"https:\/\/www.youtube.com\/embed\/Bate0RYkDt4?feature=oembed\" frameborder=\"0\" allow=\"accelerometer; autoplay; clipboard-write; encrypted-media; gyroscope; picture-in-picture; web-share\" allowfullscreen><\/iframe><\/p>\n<\/div>\n\n<h1 class=\"lead\">Prezentace na veletrhu AQUANALE v Kol\u00edn\u011b nad R\u00fdnem, listopad 2019<\/h1>\n<div class=\"fusion-text\">Kabina pro mo\u0159sk\u00e9 klima byla poprv\u00e9 p\u0159edstavena mezin\u00e1rodn\u00edmu odborn\u00e9mu publiku.<\/div>\n<div> <\/div>\n<div class=\"slider-wrapper relative\" id=\"slider-91672451\" >\n    <div class=\"slider slider-nav-circle slider-nav-large slider-nav-light slider-style-normal\"\n        data-flickity-options='{\n            \"cellAlign\": \"center\",\n            \"imagesLoaded\": true,\n            \"lazyLoad\": 1,\n            \"freeScroll\": false,\n            \"wrapAround\": true,\n            \"autoPlay\": 4500,\n            \"pauseAutoPlayOnHover\" : true,\n            \"prevNextButtons\": true,\n            \"contain\" : true,\n            \"adaptiveHeight\" : true,\n            \"dragThreshold\" : 10,\n            \"percentPosition\": true,\n            \"pageDots\": true,\n            \"rightToLeft\": false,\n            \"draggable\": true,\n            \"selectedAttraction\": 0.1,\n            \"parallax\" : 0,\n            \"friction\": 0.6        }'\n        >\n        \n\n\t<div class=\"img has-hover x md-x lg-x y md-y lg-y\" id=\"image_229249741\">\n\t\t\t\t\t\t\t\t<div class=\"img-inner dark\" >\n\t\t\t<img loading=\"lazy\" decoding=\"async\" width=\"1000\" height=\"750\" src=\"https:\/\/www.soleum.de\/wp-content\/uploads\/2020\/02\/SOLEUM-Meeresklimakabine-Messe-Aquanale-003.jpg\" class=\"attachment-large size-large\" alt=\"\" srcset=\"https:\/\/www.soleum.de\/wp-content\/uploads\/2020\/02\/SOLEUM-Meeresklimakabine-Messe-Aquanale-003.jpg 1000w, https:\/\/www.soleum.de\/wp-content\/uploads\/2020\/02\/SOLEUM-Meeresklimakabine-Messe-Aquanale-003-533x400.jpg 533w, https:\/\/www.soleum.de\/wp-content\/uploads\/2020\/02\/SOLEUM-Meeresklimakabine-Messe-Aquanale-003-768x576.jpg 768w, https:\/\/www.soleum.de\/wp-content\/uploads\/2020\/02\/SOLEUM-Meeresklimakabine-Messe-Aquanale-003-510x383.jpg 510w\" sizes=\"auto, (max-width: 1000px) 100vw, 1000px\" \/>\t\t\t\t\t\t\n\t\t\t\t\t<\/div>\n\t\t\t\t\t\t\t\t\n<style>\n#image_229249741 {\n  width: 100%;\n}\n<\/style>\n\t<\/div>\n\t\n\n\t<div class=\"img has-hover x md-x lg-x y md-y lg-y\" id=\"image_961924667\">\n\t\t\t\t\t\t\t\t<div class=\"img-inner dark\" >\n\t\t\t<img loading=\"lazy\" decoding=\"async\" width=\"1000\" height=\"750\" src=\"https:\/\/www.soleum.de\/wp-content\/uploads\/2020\/02\/SOLEUM-Meeresklimakabine-Messe-Aquanale-002.jpg\" class=\"attachment-large size-large\" alt=\"\" srcset=\"https:\/\/www.soleum.de\/wp-content\/uploads\/2020\/02\/SOLEUM-Meeresklimakabine-Messe-Aquanale-002.jpg 1000w, https:\/\/www.soleum.de\/wp-content\/uploads\/2020\/02\/SOLEUM-Meeresklimakabine-Messe-Aquanale-002-533x400.jpg 533w, https:\/\/www.soleum.de\/wp-content\/uploads\/2020\/02\/SOLEUM-Meeresklimakabine-Messe-Aquanale-002-768x576.jpg 768w, https:\/\/www.soleum.de\/wp-content\/uploads\/2020\/02\/SOLEUM-Meeresklimakabine-Messe-Aquanale-002-510x383.jpg 510w\" sizes=\"auto, (max-width: 1000px) 100vw, 1000px\" \/>\t\t\t\t\t\t\n\t\t\t\t\t<\/div>\n\t\t\t\t\t\t\t\t\n<style>\n#image_961924667 {\n  width: 100%;\n}\n<\/style>\n\t<\/div>\n\t\n\n\n     <\/div>\n\n     <div class=\"loading-spin dark large centered\"><\/div>\n\n\t<\/div>\n\n\n\t<div id=\"gap-646696416\" class=\"gap-element clearfix\" style=\"display:block; height:auto;\">\n\t\t\n<style>\n#gap-646696416 {\n  padding-top: 40px;\n}\n<\/style>\n\t<\/div>\n\t\n\n\t<div id=\"gap-1805429630\" class=\"gap-element clearfix\" style=\"display:block; height:auto;\">\n\t\t\n<style>\n#gap-1805429630 {\n  padding-top: 40px;\n}\n<\/style>\n\t<\/div>\n\t\n\n<p>Pokud m\u00e1te o tento produkt z\u00e1jem, a\u0165 u\u017e soukrom\u011b nebo komer\u010dn\u011b, napi\u0161te n\u00e1m pros\u00edm zpr\u00e1vu:<\/p>\n[contact-form-7 id=&#8220;6&#8243;]\n","protected":false},"excerpt":{"rendered":"<p>Kabina Omega s mo\u0159sk\u00fdm klimatem, Ti, kte\u0159\u00ed se sem uch\u00fdl\u00ed, si mohou svobodn\u011b vybrat mezi teplotn\u011b uvol\u0148uj\u00edc\u00ed suchou solnou inhalac\u00ed, nejodizovanou a vlhkou solankou, protiz\u00e1n\u011btliv\u00fdm teedariem a plnou parn\u00ed l\u00e1zn\u00ed.  <\/p>\n","protected":false},"author":1,"featured_media":19269,"comment_status":"open","ping_status":"open","sticky":false,"template":"","format":"standard","meta":{"footnotes":""},"categories":[2483],"tags":[2487,2485,2491,1665,2489,2493],"class_list":["post-22824","post","type-post","status-publish","format-standard","has-post-thumbnail","hentry","category-kabiny-s-morskym-klimatem","tag-inhalacni-kabina","tag-kabina-s-morskym-klimatem","tag-nejdulezitejsi-informace-o-laznich","tag-solanka-v-parni-lazni","tag-venkovni-parni-lazen","tag-wellness-inovace"],"_links":{"self":[{"href":"https:\/\/www.soleum.de\/cs\/wp-json\/wp\/v2\/posts\/22824","targetHints":{"allow":["GET"]}}],"collection":[{"href":"https:\/\/www.soleum.de\/cs\/wp-json\/wp\/v2\/posts"}],"about":[{"href":"https:\/\/www.soleum.de\/cs\/wp-json\/wp\/v2\/types\/post"}],"author":[{"embeddable":true,"href":"https:\/\/www.soleum.de\/cs\/wp-json\/wp\/v2\/users\/1"}],"replies":[{"embeddable":true,"href":"https:\/\/www.soleum.de\/cs\/wp-json\/wp\/v2\/comments?post=22824"}],"version-history":[{"count":2,"href":"https:\/\/www.soleum.de\/cs\/wp-json\/wp\/v2\/posts\/22824\/revisions"}],"predecessor-version":[{"id":22863,"href":"https:\/\/www.soleum.de\/cs\/wp-json\/wp\/v2\/posts\/22824\/revisions\/22863"}],"wp:featuredmedia":[{"embeddable":true,"href":"https:\/\/www.soleum.de\/cs\/wp-json\/wp\/v2\/media\/19269"}],"wp:attachment":[{"href":"https:\/\/www.soleum.de\/cs\/wp-json\/wp\/v2\/media?parent=22824"}],"wp:term":[{"taxonomy":"category","embeddable":true,"href":"https:\/\/www.soleum.de\/cs\/wp-json\/wp\/v2\/categories?post=22824"},{"taxonomy":"post_tag","embeddable":true,"href":"https:\/\/www.soleum.de\/cs\/wp-json\/wp\/v2\/tags?post=22824"}],"curies":[{"name":"wp","href":"https:\/\/api.w.org\/{rel}","templated":true}]}}