{"id":22913,"date":"2020-02-14T17:54:19","date_gmt":"2020-02-14T16:54:19","guid":{"rendered":"https:\/\/www.soleum.de\/morska-klimaticka-kabina-soleum-ellipse\/"},"modified":"2020-02-14T17:54:19","modified_gmt":"2020-02-14T16:54:19","slug":"morska-klimaticka-kabina-soleum-ellipse","status":"publish","type":"post","link":"https:\/\/www.soleum.de\/cs\/morska-klimaticka-kabina-soleum-ellipse\/","title":{"rendered":"Mo\u0159sk\u00e1 klimatick\u00e1 kabina SOLEUM ELLIPSE"},"content":{"rendered":"","protected":false},"excerpt":{"rendered":"<p>Model ELLIPSE v\u00e1m d\u00e1v\u00e1 velkou volnost p\u0159i navrhov\u00e1n\u00ed interi\u00e9ru lavic nebo pohovek. M\u016f\u017eete zde le\u017eet a sed\u011bt jako ve velk\u00e9 parn\u00ed l\u00e1zni. Tato wellness a l\u00e9\u010debn\u00e1 kabina byla navr\u017eena pro soukrom\u00e9 i komer\u010dn\u00ed vyu\u017eit\u00ed.<\/p>\n","protected":false},"author":1,"featured_media":20242,"comment_status":"open","ping_status":"open","sticky":false,"template":"","format":"standard","meta":{"footnotes":""},"categories":[2483],"tags":[2487,2485,2614,2833,2834,2837,2832,2491,2838,2839,2836,1665,1669,2578,2489,2493,2835,2580],"class_list":["post-22913","post","type-post","status-publish","format-standard","has-post-thumbnail","hentry","category-kabiny-s-morskym-klimatem","tag-inhalacni-kabina","tag-kabina-s-morskym-klimatem","tag-klimaticka-kabina","tag-lazne-kabina","tag-lazne-v-zahrade","tag-morska-klimaticka-komora","tag-morske-klima-doma","tag-nejdulezitejsi-informace-o-laznich","tag-parni-kabina-pro-venkovni-pouziti","tag-parni-lazen-v-zahrade","tag-poolspa-cs","tag-solanka-v-parni-lazni","tag-tepidarium-cs","tag-venkovni-parni-lazen-cs","tag-venkovni-parni-lazen","tag-wellness-inovace","tag-wellness-v-zahrade","tag-zahradni-lazne"],"_links":{"self":[{"href":"https:\/\/www.soleum.de\/cs\/wp-json\/wp\/v2\/posts\/22913","targetHints":{"allow":["GET"]}}],"collection":[{"href":"https:\/\/www.soleum.de\/cs\/wp-json\/wp\/v2\/posts"}],"about":[{"href":"https:\/\/www.soleum.de\/cs\/wp-json\/wp\/v2\/types\/post"}],"author":[{"embeddable":true,"href":"https:\/\/www.soleum.de\/cs\/wp-json\/wp\/v2\/users\/1"}],"replies":[{"embeddable":true,"href":"https:\/\/www.soleum.de\/cs\/wp-json\/wp\/v2\/comments?post=22913"}],"version-history":[{"count":0,"href":"https:\/\/www.soleum.de\/cs\/wp-json\/wp\/v2\/posts\/22913\/revisions"}],"wp:featuredmedia":[{"embeddable":true,"href":"https:\/\/www.soleum.de\/cs\/wp-json\/wp\/v2\/media\/20242"}],"wp:attachment":[{"href":"https:\/\/www.soleum.de\/cs\/wp-json\/wp\/v2\/media?parent=22913"}],"wp:term":[{"taxonomy":"category","embeddable":true,"href":"https:\/\/www.soleum.de\/cs\/wp-json\/wp\/v2\/categories?post=22913"},{"taxonomy":"post_tag","embeddable":true,"href":"https:\/\/www.soleum.de\/cs\/wp-json\/wp\/v2\/tags?post=22913"}],"curies":[{"name":"wp","href":"https:\/\/api.w.org\/{rel}","templated":true}]}}