{"id":1913,"count":1,"description":"","link":"https:\/\/www.soleum.de\/cs\/tag\/sneci-sprcha\/","name":"\u0160ne\u010d\u00ed sprcha","slug":"sneci-sprcha","taxonomy":"post_tag","meta":[],"_links":{"self":[{"href":"https:\/\/www.soleum.de\/cs\/wp-json\/wp\/v2\/tags\/1913","targetHints":{"allow":["GET"]}}],"collection":[{"href":"https:\/\/www.soleum.de\/cs\/wp-json\/wp\/v2\/tags"}],"about":[{"href":"https:\/\/www.soleum.de\/cs\/wp-json\/wp\/v2\/taxonomies\/post_tag"}],"wp:post_type":[{"href":"https:\/\/www.soleum.de\/cs\/wp-json\/wp\/v2\/posts?tags=1913"}],"curies":[{"name":"wp","href":"https:\/\/api.w.org\/{rel}","templated":true}]}}