{"id":2327,"count":1,"description":"","link":"https:\/\/www.soleum.de\/cs\/tag\/sada-pro-parni-lazen-cs\/","name":"Sada pro parn\u00ed l\u00e1ze\u0148","slug":"sada-pro-parni-lazen-cs","taxonomy":"post_tag","meta":[],"_links":{"self":[{"href":"https:\/\/www.soleum.de\/cs\/wp-json\/wp\/v2\/tags\/2327","targetHints":{"allow":["GET"]}}],"collection":[{"href":"https:\/\/www.soleum.de\/cs\/wp-json\/wp\/v2\/tags"}],"about":[{"href":"https:\/\/www.soleum.de\/cs\/wp-json\/wp\/v2\/taxonomies\/post_tag"}],"wp:post_type":[{"href":"https:\/\/www.soleum.de\/cs\/wp-json\/wp\/v2\/posts?tags=2327"}],"curies":[{"name":"wp","href":"https:\/\/api.w.org\/{rel}","templated":true}]}}