{"id":2931,"count":1,"description":"","link":"https:\/\/www.soleum.de\/cs\/tag\/umelecky-objekt-a-parni-lazen\/","name":"Um\u011bleck\u00fd objekt a parn\u00ed l\u00e1ze\u0148","slug":"umelecky-objekt-a-parni-lazen","taxonomy":"post_tag","meta":[],"_links":{"self":[{"href":"https:\/\/www.soleum.de\/cs\/wp-json\/wp\/v2\/tags\/2931","targetHints":{"allow":["GET"]}}],"collection":[{"href":"https:\/\/www.soleum.de\/cs\/wp-json\/wp\/v2\/tags"}],"about":[{"href":"https:\/\/www.soleum.de\/cs\/wp-json\/wp\/v2\/taxonomies\/post_tag"}],"wp:post_type":[{"href":"https:\/\/www.soleum.de\/cs\/wp-json\/wp\/v2\/posts?tags=2931"}],"curies":[{"name":"wp","href":"https:\/\/api.w.org\/{rel}","templated":true}]}}