{"id":22425,"date":"2017-03-22T12:57:05","date_gmt":"2017-03-22T11:57:05","guid":{"rendered":"https:\/\/www.soleum.de\/modulos-eps-produccion-individual\/"},"modified":"2023-09-22T12:30:17","modified_gmt":"2023-09-22T10:30:17","slug":"modulos-eps-produccion-individual","status":"publish","type":"post","link":"https:\/\/www.soleum.de\/es\/modulos-eps-produccion-individual\/","title":{"rendered":"M\u00f3dulos EPS &#8211; producci\u00f3n individual"},"content":{"rendered":"<h1 class=\"lead\">M\u00f3dulos de EPS (m\u00f3dulos SPA) &#8211; para la construcci\u00f3n de instalaciones de bienestar y la construcci\u00f3n en seco<\/h1>\n<div class=\"wpb_text_column wpb_content_element \">\n<div class=\"term-description\">\n<div class=\"wpb_text_column wpb_content_element \">\n<div class=\"wpb_wrapper\">\n<div id=\"c1t44inlineContent\" class=\"s21inlineContent\" data-reactid=\".0.$SITE_ROOT.$desktop_siteRoot.$PAGES_CONTAINER.1.1.$SITE_PAGES.$c1t44.1\">\n<div id=\"WRchTxt2\" class=\"s1\" data-reactid=\".0.$SITE_ROOT.$desktop_siteRoot.$PAGES_CONTAINER.1.1.$SITE_PAGES.$c1t44.1.$WRchTxt2\">\n<h2 class=\"font_2\"><span class=\"color_14\">Producci\u00f3n made in <span style=\"font-size: 140%;\">Austria &#8211; \u00a1en Pregarten Alta Austria<\/span>!<\/span><\/h2>\n<\/div>\n<div id=\"WRchTxt7\" class=\"s1\" data-reactid=\".0.$SITE_ROOT.$desktop_siteRoot.$PAGES_CONTAINER.1.1.$SITE_PAGES.$c1t44.1.$WRchTxt7\">\n<p class=\"font_8\">Para los aficionados al bricolaje que deseen construirse un ba\u00f1o de vapor ellos mismos, ofrecemos nuestros m\u00f3dulos SOLEUM EPS, que nosotros mismos utilizamos en la construcci\u00f3n de nuestros ba\u00f1os de vapor y zonas de bienestar. Con estos creativos m\u00f3dulos EPS, puede montar su ba\u00f1o turco individualmente o encargar su prefabricaci\u00f3n a Soleum GmbH.<\/p>\n<p class=\"font_8\">Ya sean asientos de ba\u00f1o de vapor, tumbonas de ba\u00f1o de vapor o tumbonas de bienestar con calor infrarrojo (independientes en la habitaci\u00f3n). Las posibilidades de combinaci\u00f3n y los \u00e1mbitos de aplicaci\u00f3n son muy vers\u00e1tiles.<\/p>\n<h2><\/h2>\n<\/div>\n<\/div>\n<\/div>\n<\/div>\n<\/div>\n<\/div>\n\t<div class=\"img has-hover x md-x lg-x y md-y lg-y\" id=\"image_909222932\">\n\t\t\t\t\t\t\t\t<div class=\"img-inner dark\" >\n\t\t\t<img loading=\"lazy\" decoding=\"async\" width=\"698\" height=\"988\" src=\"https:\/\/www.soleum.de\/wp-content\/uploads\/2017\/03\/EPS-Module-individuell.jpg\" class=\"attachment-original size-original\" alt=\"\" srcset=\"https:\/\/www.soleum.de\/wp-content\/uploads\/2017\/03\/EPS-Module-individuell.jpg 698w, https:\/\/www.soleum.de\/wp-content\/uploads\/2017\/03\/EPS-Module-individuell-510x722.jpg 510w, https:\/\/www.soleum.de\/wp-content\/uploads\/2017\/03\/EPS-Module-individuell-283x400.jpg 283w, https:\/\/www.soleum.de\/wp-content\/uploads\/2017\/03\/EPS-Module-individuell-565x800.jpg 565w\" sizes=\"auto, (max-width: 698px) 100vw, 698px\" \/>\t\t\t\t\t\t\n\t\t\t\t\t<\/div>\n\t\t\t\t\t\t\t\t\n<style>\n#image_909222932 {\n  width: 100%;\n}\n<\/style>\n\t<\/div>\n\t\n<h1 class=\"lead\">Ventajas de la construcci\u00f3n modular de EPS<\/h1>\n<div class=\"wpb_text_column wpb_content_element \">\n<div class=\"term-description\">\n<div class=\"wpb_text_column wpb_content_element \">\n<div class=\"wpb_wrapper\">\n<div id=\"c1t44inlineContent\" class=\"s21inlineContent\" data-reactid=\".0.$SITE_ROOT.$desktop_siteRoot.$PAGES_CONTAINER.1.1.$SITE_PAGES.$c1t44.1\">\n<div id=\"WRchTxt7\" class=\"s1\" data-reactid=\".0.$SITE_ROOT.$desktop_siteRoot.$PAGES_CONTAINER.1.1.$SITE_PAGES.$c1t44.1.$WRchTxt7\">\n<ul>\n<li>  Montaje r\u00e1pido (sin alba\u00f1iler\u00eda ni polvo)<\/li>\n<li>  F\u00e1cil de editar o cambiar<\/li>\n<li>  Rentable (ya que no se necesita mucho tiempo de trabajo).<\/li>\n<li>  base perfecta para calentar ba\u00f1os de vapor<\/li>\n<\/ul>\n<div class=\"s21inlineContent\" data-reactid=\".0.$SITE_ROOT.$desktop_siteRoot.$PAGES_CONTAINER.1.1.$SITE_PAGES.$c1t44.1\">Los m\u00f3dulos de EPS y las piezas moldeadas de EPS no s\u00f3lo son adecuados para su uso en ba\u00f1os de vapor y duchas de vapor, sino que tambi\u00e9n son ideales para su uso en la <a href=\"https:\/\/www.soleum.de\/es\/paneles-de-yeso-con-eps\/\">construcci\u00f3n en seco <\/a>. Ya sea en la zona de bienestar, el sal\u00f3n o el cuarto de ba\u00f1o, las formas curvas y org\u00e1nicas siempre llaman la atenci\u00f3n.<\/div>\n<\/div>\n<\/div>\n<div class=\"s21inlineContent\" data-reactid=\".0.$SITE_ROOT.$desktop_siteRoot.$PAGES_CONTAINER.1.1.$SITE_PAGES.$c1t44.1\">Encontrar\u00e1 un resumen de los m\u00f3dulos SPA disponibles en la <a href=\"https:\/\/www.soleum.de\/shop\/\">TIENDA <\/a>Soleum.<\/div>\n<\/div>\n<\/div>\n<\/div>\n<\/div>\n<div class=\"text-center\"><div class=\"is-divider divider clearfix\" style=\"max-width:800px;background-color:rgb(2, 0, 104);\"><\/div><\/div>\n\t<div class=\"img has-hover x md-x lg-x y md-y lg-y\" id=\"image_1781587054\">\n\t\t\t\t\t\t\t\t<div class=\"img-inner dark\" >\n\t\t\t<img loading=\"lazy\" decoding=\"async\" width=\"697\" height=\"450\" src=\"https:\/\/www.soleum.de\/wp-content\/uploads\/2017\/03\/SOLEUM-einfach-preiswert.jpg\" class=\"attachment-large size-large\" alt=\"\" srcset=\"https:\/\/www.soleum.de\/wp-content\/uploads\/2017\/03\/SOLEUM-einfach-preiswert.jpg 697w, https:\/\/www.soleum.de\/wp-content\/uploads\/2017\/03\/SOLEUM-einfach-preiswert-510x329.jpg 510w, https:\/\/www.soleum.de\/wp-content\/uploads\/2017\/03\/SOLEUM-einfach-preiswert-620x400.jpg 620w\" sizes=\"auto, (max-width: 697px) 100vw, 697px\" \/>\t\t\t\t\t\t\n\t\t\t\t\t<\/div>\n\t\t\t\t\t\t\t\t\n<style>\n#image_1781587054 {\n  width: 100%;\n}\n<\/style>\n\t<\/div>\n\t\n\t<div id=\"gap-861012229\" class=\"gap-element clearfix\" style=\"display:block; height:auto;\">\n\t\t\n<style>\n#gap-861012229 {\n  padding-top: 60px;\n}\n<\/style>\n\t<\/div>\n\t\n<h1>En la siguiente imagen puede ver la estructura correcta del sistema de un asiento de ba\u00f1o de vapor<\/h1>\n<div class=\"text-center\"><div class=\"is-divider divider clearfix\" style=\"max-width:800px;background-color:rgb(2, 0, 104);\"><\/div><\/div>\n\n  <div class=\"banner has-hover\" id=\"banner-757891726\">\n          <div class=\"banner-inner fill\">\n        <div class=\"banner-bg fill\" >\n            <img loading=\"lazy\" decoding=\"async\" width=\"800\" height=\"451\" src=\"https:\/\/www.soleum.de\/wp-content\/uploads\/2017\/02\/Systemaufbau-Dampfbadsitzbank.jpg\" class=\"bg attachment-large size-large\" alt=\"\" \/>                        <div class=\"overlay\"><\/div>            \n                    <\/div>\n\t\t\n        <div class=\"banner-layers container\">\n            <div class=\"fill banner-link\"><\/div>            \n   <div id=\"text-box-792660648\" class=\"text-box banner-layer x5 md-x5 lg-x5 y0 md-y0 lg-y0 res-text\">\n                                <div class=\"text-box-content text \">\n              \n              <div class=\"text-inner text-left\">\n                  \n<h2 class=\"uppercase\"><strong>CONSTRUCCI\u00d3N DEL SISTEMA<br \/>\n<\/strong><\/h2>\n<h3>un banco de ba\u00f1o de vapor<\/h3>\n<p>Aqu\u00ed puede ver los procesos de trabajo desde la pieza en bruto hasta el banco de ba\u00f1o de vapor acabado.<\/p>\n<a href=\"https:\/\/www.soleum.de\/produkt-kategorie\/dampfbadbaenke\/\" target=\"_blank\" class=\"button primary\" rel=\"noopener\" >\n\t\t<span>TIENDA<\/span>\n\t<\/a>\n\n<a href=\"https:\/\/www.soleum.de\/produkt-kategorie\/dampfbadheizmatten\/\" target=\"_blank\" class=\"button primary is-outline\" rel=\"noopener\" >\n\t\t<span>Esteras calefactoras<\/span>\n\t<\/a>\n\n              <\/div>\n           <\/div>\n                            \n<style>\n#text-box-792660648 {\n  width: 60%;\n}\n#text-box-792660648 .text-box-content {\n  font-size: 100%;\n}\n@media (min-width:550px) {\n  #text-box-792660648 {\n    width: 40%;\n  }\n}\n<\/style>\n    <\/div>\n \n        <\/div>\n      <\/div>\n\n            \n<style>\n#banner-757891726 {\n  padding-top: 449px;\n}\n#banner-757891726 .overlay {\n  background-color: rgba(190, 190, 190, 0.2);\n}\n<\/style>\n  <\/div>\n\n\n<h1>Esteras calefactoras a medida para ba\u00f1os turcos y m\u00f3dulos EPS<\/h1>\n<p>Estas esteras calefactoras para ba\u00f1os de vapor son esteras calefactoras de malla para zonas agresivas y en revestimientos de resina epoxi.<br \/>\nInstalaci\u00f3n en lechos de adhesivo para baldosas y mortero, as\u00ed como en revestimientos de resina epoxi.<br \/>\nLas zonas agresivas son salas en las que se utilizan productos de limpieza muy concentrados, por ejemplo, ba\u00f1os p\u00fablicos, talleres de pintura, pero tambi\u00e9n salas con una atm\u00f3sfera salina, por ejemplo, SOLEUM, galer\u00edas de curaci\u00f3n. Aqu\u00ed es necesario utilizar cables calefactores resistentes a las cargas qu\u00edmicas. Estos cables calefactores tambi\u00e9n son necesarios si se instalan en m\u00f3dulos EPS (nuestros m\u00f3dulos SPA), por ejemplo, tumbonas de bienestar.<\/p>\n<div class=\"woocommerce columns-4 \"><div class=\"products row row-small large-columns-4 medium-columns-3 small-columns-2\">\n<div class=\"product-small col has-hover product type-product post-29440 status-publish first instock product_cat-esteras-calefactoras-para-banos-de-vapor product_tag-alfombras-calefactoras-para-banos-de-vapor-a-medida product_tag-calentamiento-de-banos-de-vapor product_tag-estera-calefactora product_tag-estera-calefactora-a-medida product_tag-estera-calefactora-especial product_tag-estera-calefactora-para-tepidarium has-post-thumbnail taxable shipping-taxable purchasable product-type-simple\">\n\t<div class=\"col-inner\">\n\t\n<div class=\"badge-container absolute left top z-1\">\n\n<\/div>\n\t<div class=\"product-small box \">\n\t\t<div class=\"box-image\">\n\t\t\t<div class=\"image-fade_in_back\">\n\t\t\t\t<a href=\"https:\/\/www.soleum.de\/es\/shop\/esteras-calefactoras-para-banos-de-vapor\/esteras-calefactoras-para-banos-de-vapor-a-medida\/\">\n\t\t\t\t\t<img loading=\"lazy\" decoding=\"async\" width=\"247\" height=\"300\" src=\"https:\/\/www.soleum.de\/wp-content\/uploads\/2016\/07\/dampfbadheizmatten-auf-mass-247x300.jpg\" class=\"attachment-woocommerce_thumbnail size-woocommerce_thumbnail\" alt=\"Alfombras calefactoras para ba\u00f1os de vapor a medida\" \/>\t\t\t\t<\/a>\n\t\t\t<\/div>\n\t\t\t<div class=\"image-tools is-small top right show-on-hover\">\n\t\t\t\t\t\t\t<\/div>\n\t\t\t<div class=\"image-tools is-small hide-for-small bottom left show-on-hover\">\n\t\t\t\t\t\t\t<\/div>\n\t\t\t<div class=\"image-tools grid-tools text-center hide-for-small bottom hover-slide-in show-on-hover\">\n\t\t\t\t<a href=\"#quick-view\" class=\"quick-view\" role=\"button\" data-prod=\"29440\" aria-haspopup=\"dialog\" aria-expanded=\"false\" data-flatsome-role-button>Vista R\u00e1pida<\/a>\t\t\t<\/div>\n\t\t\t\t\t<\/div>\n\n\t\t<div class=\"box-text box-text-products\">\n\t\t\t<div class=\"title-wrapper\">\t\t<p class=\"category uppercase is-smaller no-text-overflow product-cat op-8\">\n\t\t\tEsteras calefactoras para ba\u00f1os de vapor\t\t<\/p>\n\t<p class=\"name product-title woocommerce-loop-product__title\"><a href=\"https:\/\/www.soleum.de\/es\/shop\/esteras-calefactoras-para-banos-de-vapor\/esteras-calefactoras-para-banos-de-vapor-a-medida\/\" class=\"woocommerce-LoopProduct-link woocommerce-loop-product__link\">Alfombras calefactoras para ba\u00f1os de vapor a medida seg\u00fan su plano<\/a><\/p><\/div><div class=\"price-wrapper\">\n\t<span class=\"price\"><span class=\"woocommerce-Price-amount amount\"><bdi>320,00&nbsp;<span class=\"woocommerce-Price-currencySymbol\">&euro;<\/span><\/bdi><\/span> <small class=\"woocommerce-price-suffix\">inkl. MWSt.<\/small><\/span>\n<\/div>\t\t<\/div>\n\t<\/div>\n\t\t<\/div>\n<\/div><div class=\"product-small col has-hover product type-product post-29557 status-publish instock product_cat-esteras-calefactoras-para-banos-de-vapor product_tag-alfombrilla-calefactora-300-w product_tag-alfombrilla-calefactora-para-bano-turco product_tag-estera-calefactora product_tag-estera-calefactora-especial product_tag-estera-calefactora-para-tepidarium has-post-thumbnail taxable shipping-taxable purchasable product-type-simple\">\n\t<div class=\"col-inner\">\n\t\n<div class=\"badge-container absolute left top z-1\">\n\n<\/div>\n\t<div class=\"product-small box \">\n\t\t<div class=\"box-image\">\n\t\t\t<div class=\"image-fade_in_back\">\n\t\t\t\t<a href=\"https:\/\/www.soleum.de\/es\/shop\/esteras-calefactoras-para-banos-de-vapor\/alfombrillas-calefactoras-de-bano-de-vapor-en-vertical\/\">\n\t\t\t\t\t<img loading=\"lazy\" decoding=\"async\" width=\"247\" height=\"300\" src=\"https:\/\/www.soleum.de\/wp-content\/uploads\/2017\/01\/horizontale-Dampfbadheizmatte-500-247x300.jpg\" class=\"attachment-woocommerce_thumbnail size-woocommerce_thumbnail\" alt=\"Alfombras calefactoras para ba\u00f1os de vapor a medida-VERTIKAL\" \/>\t\t\t\t<\/a>\n\t\t\t<\/div>\n\t\t\t<div class=\"image-tools is-small top right show-on-hover\">\n\t\t\t\t\t\t\t<\/div>\n\t\t\t<div class=\"image-tools is-small hide-for-small bottom left show-on-hover\">\n\t\t\t\t\t\t\t<\/div>\n\t\t\t<div class=\"image-tools grid-tools text-center hide-for-small bottom hover-slide-in show-on-hover\">\n\t\t\t\t<a href=\"#quick-view\" class=\"quick-view\" role=\"button\" data-prod=\"29557\" aria-haspopup=\"dialog\" aria-expanded=\"false\" data-flatsome-role-button>Vista R\u00e1pida<\/a>\t\t\t<\/div>\n\t\t\t\t\t<\/div>\n\n\t\t<div class=\"box-text box-text-products\">\n\t\t\t<div class=\"title-wrapper\">\t\t<p class=\"category uppercase is-smaller no-text-overflow product-cat op-8\">\n\t\t\tEsteras calefactoras para ba\u00f1os de vapor\t\t<\/p>\n\t<p class=\"name product-title woocommerce-loop-product__title\"><a href=\"https:\/\/www.soleum.de\/es\/shop\/esteras-calefactoras-para-banos-de-vapor\/alfombrillas-calefactoras-de-bano-de-vapor-en-vertical\/\" class=\"woocommerce-LoopProduct-link woocommerce-loop-product__link\">Alfombras calefactoras para ba\u00f1os de vapor a medida-VERTIKAL<\/a><\/p><\/div><div class=\"price-wrapper\">\n\t<span class=\"price\"><span class=\"woocommerce-Price-amount amount\"><bdi>270,00&nbsp;<span class=\"woocommerce-Price-currencySymbol\">&euro;<\/span><\/bdi><\/span> <small class=\"woocommerce-price-suffix\">inkl. MWSt.<\/small><\/span>\n<\/div>\t\t<\/div>\n\t<\/div>\n\t\t<\/div>\n<\/div><div class=\"product-small col has-hover out-of-stock product type-product post-29517 status-publish outofstock product_cat-esteras-calefactoras-para-banos-de-vapor product_tag-alfombrilla-calefactora-300-w product_tag-alfombrilla-calefactora-para-bano-turco product_tag-estera-calefactora product_tag-estera-calefactora-especial product_tag-estera-calefactora-para-tepidarium has-post-thumbnail taxable shipping-taxable purchasable product-type-simple\">\n\t<div class=\"col-inner\">\n\t\n<div class=\"badge-container absolute left top z-1\">\n\n<\/div>\n\t<div class=\"product-small box \">\n\t\t<div class=\"box-image\">\n\t\t\t<div class=\"image-fade_in_back\">\n\t\t\t\t<a href=\"https:\/\/www.soleum.de\/es\/shop\/esteras-calefactoras-para-banos-de-vapor\/alfombrillas-calefactoras-de-vapor-a-medida-horizontal\/\">\n\t\t\t\t\t<img loading=\"lazy\" decoding=\"async\" width=\"247\" height=\"300\" src=\"https:\/\/www.soleum.de\/wp-content\/uploads\/2017\/01\/horizontale-Dampfbadheizmatte-247x300.jpg\" class=\"attachment-woocommerce_thumbnail size-woocommerce_thumbnail\" alt=\"Esteras calefactoras para ba\u00f1os de vapor\" \/>\t\t\t\t<\/a>\n\t\t\t<\/div>\n\t\t\t<div class=\"image-tools is-small top right show-on-hover\">\n\t\t\t\t\t\t\t<\/div>\n\t\t\t<div class=\"image-tools is-small hide-for-small bottom left show-on-hover\">\n\t\t\t\t\t\t\t<\/div>\n\t\t\t<div class=\"image-tools grid-tools text-center hide-for-small bottom hover-slide-in show-on-hover\">\n\t\t\t\t<a href=\"#quick-view\" class=\"quick-view\" role=\"button\" data-prod=\"29517\" aria-haspopup=\"dialog\" aria-expanded=\"false\" data-flatsome-role-button>Vista R\u00e1pida<\/a>\t\t\t<\/div>\n\t\t\t<div class=\"out-of-stock-label\">Sin existencias<\/div>\t\t<\/div>\n\n\t\t<div class=\"box-text box-text-products\">\n\t\t\t<div class=\"title-wrapper\">\t\t<p class=\"category uppercase is-smaller no-text-overflow product-cat op-8\">\n\t\t\tEsteras calefactoras para ba\u00f1os de vapor\t\t<\/p>\n\t<p class=\"name product-title woocommerce-loop-product__title\"><a href=\"https:\/\/www.soleum.de\/es\/shop\/esteras-calefactoras-para-banos-de-vapor\/alfombrillas-calefactoras-de-vapor-a-medida-horizontal\/\" class=\"woocommerce-LoopProduct-link woocommerce-loop-product__link\">Esteras calefactoras para ba\u00f1os de vapor a medida-300W\/m2<\/a><\/p><\/div><div class=\"price-wrapper\">\n\t<span class=\"price\"><span class=\"woocommerce-Price-amount amount\"><bdi>270,00&nbsp;<span class=\"woocommerce-Price-currencySymbol\">&euro;<\/span><\/bdi><\/span> <small class=\"woocommerce-price-suffix\">inkl. MWSt.<\/small><\/span>\n<\/div>\t\t<\/div>\n\t<\/div>\n\t\t<\/div>\n<\/div><\/div><!-- row -->\n<\/div>\n\t<div class=\"img has-hover x md-x lg-x y md-y lg-y\" id=\"image_1430365068\">\n\t\t\t\t\t\t\t\t<div class=\"img-inner image-cover dark\" style=\"padding-top:100%;\">\n\t\t\t<img loading=\"lazy\" decoding=\"async\" width=\"697\" height=\"619\" src=\"https:\/\/www.soleum.de\/wp-content\/uploads\/2017\/03\/Duschsitz-T75.jpg\" class=\"attachment-original size-original\" alt=\"\" srcset=\"https:\/\/www.soleum.de\/wp-content\/uploads\/2017\/03\/Duschsitz-T75.jpg 697w, https:\/\/www.soleum.de\/wp-content\/uploads\/2017\/03\/Duschsitz-T75-510x453.jpg 510w, https:\/\/www.soleum.de\/wp-content\/uploads\/2017\/03\/Duschsitz-T75-450x400.jpg 450w\" sizes=\"auto, (max-width: 697px) 100vw, 697px\" \/>\t\t\t\t\t\t\n\t\t\t\t\t<\/div>\n\t\t\t\t\t\t\t\t\n<style>\n#image_1430365068 {\n  width: 100%;\n}\n<\/style>\n\t<\/div>\n\t\n<div class=\"container section-title-container\" ><h3 class=\"section-title section-title-center\"><b aria-hidden=\"true\"><\/b><span class=\"section-title-main\" ><i class=\"icon-youtube\" aria-hidden=\"true\"><\/i>Combinar los m\u00f3dulos de asiento<\/span><b aria-hidden=\"true\"><\/b><\/h3><\/div>\n<blockquote><p>Tanto si se trata de peque\u00f1as cabinas de ducha como de grandes ba\u00f1os turcos, los m\u00f3dulos SPA de SOLEUM le ofrecen enormes posibilidades. Algunas de las formas de los asientos EPS pueden combinarse de cualquier manera para crear formas excitantes, ba\u00f1os de vapor o elementos de dise\u00f1o creativo para espacios vitales, \u00a1seg\u00fan sus necesidades!<\/p><\/blockquote>\n<div class=\"slider-wrapper relative\" id=\"slider-707836553\" >\n    <div class=\"slider slider-nav-circle slider-nav-large slider-nav-light slider-style-normal\"\n        data-flickity-options='{\n            \"cellAlign\": \"center\",\n            \"imagesLoaded\": true,\n            \"lazyLoad\": 1,\n            \"freeScroll\": false,\n            \"wrapAround\": true,\n            \"autoPlay\": 6000,\n            \"pauseAutoPlayOnHover\" : true,\n            \"prevNextButtons\": true,\n            \"contain\" : true,\n            \"adaptiveHeight\" : true,\n            \"dragThreshold\" : 10,\n            \"percentPosition\": true,\n            \"pageDots\": true,\n            \"rightToLeft\": false,\n            \"draggable\": true,\n            \"selectedAttraction\": 0.1,\n            \"parallax\" : 0,\n            \"friction\": 0.6        }'\n        >\n        \n     <\/div>\n\n     <div class=\"loading-spin dark large centered\"><\/div>\n\n\t<\/div>\n\n\n<p>Aqu\u00ed puedes ver un resumen claro de las combinaciones posibles. En \u00faltima instancia, las dimensiones de su habitaci\u00f3n son la especificaci\u00f3n para la combinaci\u00f3n respectiva.<\/p>\n\n  \n    <div class=\"row large-columns-4 medium-columns-3 small-columns-2 slider row-slider slider-nav-reveal slider-nav-push\"  data-flickity-options='{&quot;imagesLoaded&quot;: true, &quot;groupCells&quot;: &quot;100%&quot;, &quot;dragThreshold&quot; : 5, &quot;cellAlign&quot;: &quot;left&quot;,&quot;wrapAround&quot;: true,&quot;prevNextButtons&quot;: true,&quot;percentPosition&quot;: true,&quot;pageDots&quot;: false, &quot;rightToLeft&quot;: false, &quot;autoPlay&quot; : false}' >\n\n  <div class=\"gallery-col col\" >\n          <div class=\"col-inner\">\n            <a class=\"image-lightbox lightbox-gallery\" href=\"https:\/\/www.soleum.de\/wp-content\/uploads\/2017\/03\/Dampfbadsitz_kombination_BTB-1.jpg\" title=\"M\u00f6gliche Eckkombination BT.B\">            <div class=\"box has-hover gallery-box box-default\">\n              <div class=\"box-image\" >\n                <img loading=\"lazy\" decoding=\"async\" width=\"333\" height=\"154\" src=\"https:\/\/www.soleum.de\/wp-content\/uploads\/2017\/03\/Dampfbadsitz_kombination_BTB-1.jpg\" class=\"attachment-medium size-medium\" alt=\"\" ids=\"13443,13450,13457,13464\" style=\"default\" type=\"slider\" \/>                                                              <\/div>\n              <div class=\"box-text text-left\" >\n                 <p>M\u00f6gliche Eckkombination BT.B<\/p>\n              <\/div>\n            <\/div>\n            <\/a>          <\/div>\n         <\/div><div class=\"gallery-col col\" >\n          <div class=\"col-inner\">\n            <a class=\"image-lightbox lightbox-gallery\" href=\"https:\/\/www.soleum.de\/wp-content\/uploads\/2017\/03\/Dampfbadsitz_kombination_BTA-1.jpg\" title=\"M\u00f6gliche Eckkombination BT.A\">            <div class=\"box has-hover gallery-box box-default\">\n              <div class=\"box-image\" >\n                <img loading=\"lazy\" decoding=\"async\" width=\"333\" height=\"137\" src=\"https:\/\/www.soleum.de\/wp-content\/uploads\/2017\/03\/Dampfbadsitz_kombination_BTA-1.jpg\" class=\"attachment-medium size-medium\" alt=\"\" ids=\"13443,13450,13457,13464\" style=\"default\" type=\"slider\" \/>                                                              <\/div>\n              <div class=\"box-text text-left\" >\n                 <p>M\u00f6gliche Eckkombination BT.A<\/p>\n              <\/div>\n            <\/div>\n            <\/a>          <\/div>\n         <\/div><div class=\"gallery-col col\" >\n          <div class=\"col-inner\">\n            <a class=\"image-lightbox lightbox-gallery\" href=\"https:\/\/www.soleum.de\/wp-content\/uploads\/2017\/03\/Dampfbadsitz_kombination_BTBL-1.jpg\" title=\"M\u00f6gliche Eckkombination BT.BL\">            <div class=\"box has-hover gallery-box box-default\">\n              <div class=\"box-image\" >\n                <img loading=\"lazy\" decoding=\"async\" width=\"334\" height=\"197\" src=\"https:\/\/www.soleum.de\/wp-content\/uploads\/2017\/03\/Dampfbadsitz_kombination_BTBL-1.jpg\" class=\"attachment-medium size-medium\" alt=\"\" ids=\"13443,13450,13457,13464\" style=\"default\" type=\"slider\" \/>                                                              <\/div>\n              <div class=\"box-text text-left\" >\n                 <p>M\u00f6gliche Eckkombination BT.BL<\/p>\n              <\/div>\n            <\/div>\n            <\/a>          <\/div>\n         <\/div><div class=\"gallery-col col\" >\n          <div class=\"col-inner\">\n            <a class=\"image-lightbox lightbox-gallery\" href=\"https:\/\/www.soleum.de\/wp-content\/uploads\/2017\/03\/Dampfbadsitz_kombination_BTAL-1.jpg\" title=\"M\u00f6gliche Eckkombination BT.AL\">            <div class=\"box has-hover gallery-box box-default\">\n              <div class=\"box-image\" >\n                <img loading=\"lazy\" decoding=\"async\" width=\"330\" height=\"195\" src=\"https:\/\/www.soleum.de\/wp-content\/uploads\/2017\/03\/Dampfbadsitz_kombination_BTAL-1.jpg\" class=\"attachment-medium size-medium\" alt=\"\" ids=\"13443,13450,13457,13464\" style=\"default\" type=\"slider\" \/>                                                              <\/div>\n              <div class=\"box-text text-left\" >\n                 <p>M\u00f6gliche Eckkombination BT.AL<\/p>\n              <\/div>\n            <\/div>\n            <\/a>          <\/div>\n         <\/div><\/div>\n<div class=\"container section-title-container\" ><h3 class=\"section-title section-title-center\"><b aria-hidden=\"true\"><\/b><span class=\"section-title-main\" ><i class=\"icon-shopping-cart\" aria-hidden=\"true\"><\/i>Encargar bancos de ba\u00f1o de vapor en la TIENDA<\/span><b aria-hidden=\"true\"><\/b><\/h3><\/div>\n<div class=\"woocommerce columns-4 \"><div class=\"products row row-small large-columns-4 medium-columns-3 small-columns-2\">\n<div class=\"product-small col has-hover product type-product post-29344 status-publish first instock product_cat-asiento-de-ducha product_cat-bancos-de-bano-de-vapor product_tag-asiento-de-ducha product_tag-asiento-de-ducha-alicatado product_tag-asiento-de-ducha-bt-a product_tag-asiento-para-bano-de-vapor product_tag-asiento-styrodur product_tag-banco-de-bano-de-vapor product_tag-banco-de-bano-de-vapor-es product_tag-banco-de-ducha product_tag-banco-de-ducha-es product_tag-banco-de-eps product_tag-banco-en-styrodur product_tag-banco-enlosable has-post-thumbnail taxable shipping-taxable purchasable product-type-simple\">\n\t<div class=\"col-inner\">\n\t\n<div class=\"badge-container absolute left top z-1\">\n\n<\/div>\n\t<div class=\"product-small box \">\n\t\t<div class=\"box-image\">\n\t\t\t<div class=\"image-fade_in_back\">\n\t\t\t\t<a href=\"https:\/\/www.soleum.de\/es\/shop\/asiento-de-ducha\/asiento-de-ducha-bt-a\/\">\n\t\t\t\t\t<img loading=\"lazy\" decoding=\"async\" width=\"247\" height=\"300\" src=\"https:\/\/www.soleum.de\/wp-content\/uploads\/2016\/07\/BT-A-247x300.jpg\" class=\"attachment-woocommerce_thumbnail size-woocommerce_thumbnail\" alt=\"Asiento de ducha BT-A\" \/><img loading=\"lazy\" decoding=\"async\" width=\"247\" height=\"300\" src=\"https:\/\/www.soleum.de\/wp-content\/uploads\/2016\/07\/Duschsitz-soleum-mail-500x333-247x300.jpg\" class=\"show-on-hover absolute fill hide-for-small back-image\" alt=\"Asiento de ducha para alicatar\" aria-hidden=\"true\" \/>\t\t\t\t<\/a>\n\t\t\t<\/div>\n\t\t\t<div class=\"image-tools is-small top right show-on-hover\">\n\t\t\t\t\t\t\t<\/div>\n\t\t\t<div class=\"image-tools is-small hide-for-small bottom left show-on-hover\">\n\t\t\t\t\t\t\t<\/div>\n\t\t\t<div class=\"image-tools grid-tools text-center hide-for-small bottom hover-slide-in show-on-hover\">\n\t\t\t\t<a href=\"#quick-view\" class=\"quick-view\" role=\"button\" data-prod=\"29344\" aria-haspopup=\"dialog\" aria-expanded=\"false\" data-flatsome-role-button>Vista R\u00e1pida<\/a>\t\t\t<\/div>\n\t\t\t\t\t<\/div>\n\n\t\t<div class=\"box-text box-text-products\">\n\t\t\t<div class=\"title-wrapper\">\t\t<p class=\"category uppercase is-smaller no-text-overflow product-cat op-8\">\n\t\t\tAsiento de ducha\t\t<\/p>\n\t<p class=\"name product-title woocommerce-loop-product__title\"><a href=\"https:\/\/www.soleum.de\/es\/shop\/asiento-de-ducha\/asiento-de-ducha-bt-a\/\" class=\"woocommerce-LoopProduct-link woocommerce-loop-product__link\">Asiento de ducha BT.A<\/a><\/p><\/div><div class=\"price-wrapper\">\n\t<span class=\"price\"><span class=\"woocommerce-Price-amount amount\"><bdi>1,20&nbsp;<span class=\"woocommerce-Price-currencySymbol\">&euro;<\/span><\/bdi><\/span> <small class=\"woocommerce-price-suffix\">inkl. MWSt.<\/small><\/span>\n<\/div>\t\t<\/div>\n\t<\/div>\n\t\t<\/div>\n<\/div><div class=\"product-small col has-hover product type-product post-29727 status-publish instock product_cat-asiento-de-ducha product_cat-bancos-de-bano-de-vapor product_tag-asiento-de-ducha product_tag-asiento-de-ducha-bt-b product_tag-asiento-para-bano-de-vapor product_tag-asiento-styrodur product_tag-asientos-de-ducha product_tag-banco-de-bano-de-vapor product_tag-banco-de-ducha product_tag-banco-de-ducha-es product_tag-banco-de-eps product_tag-banco-en-styrodur has-post-thumbnail taxable shipping-taxable purchasable product-type-simple\">\n\t<div class=\"col-inner\">\n\t\n<div class=\"badge-container absolute left top z-1\">\n\n<\/div>\n\t<div class=\"product-small box \">\n\t\t<div class=\"box-image\">\n\t\t\t<div class=\"image-fade_in_back\">\n\t\t\t\t<a href=\"https:\/\/www.soleum.de\/es\/shop\/asiento-de-ducha\/asiento-de-ducha-bt-b\/\">\n\t\t\t\t\t<img loading=\"lazy\" decoding=\"async\" width=\"247\" height=\"300\" src=\"https:\/\/www.soleum.de\/wp-content\/uploads\/2016\/07\/BT-B-247x300.jpg\" class=\"attachment-woocommerce_thumbnail size-woocommerce_thumbnail\" alt=\"Asiento de ducha BT-B\" \/><img loading=\"lazy\" decoding=\"async\" width=\"247\" height=\"256\" src=\"https:\/\/www.soleum.de\/wp-content\/uploads\/2017\/01\/Duschsitz-BT.B-2-247x256.jpg\" class=\"show-on-hover absolute fill hide-for-small back-image\" alt=\"Asiento de ducha BT.B\" aria-hidden=\"true\" \/>\t\t\t\t<\/a>\n\t\t\t<\/div>\n\t\t\t<div class=\"image-tools is-small top right show-on-hover\">\n\t\t\t\t\t\t\t<\/div>\n\t\t\t<div class=\"image-tools is-small hide-for-small bottom left show-on-hover\">\n\t\t\t\t\t\t\t<\/div>\n\t\t\t<div class=\"image-tools grid-tools text-center hide-for-small bottom hover-slide-in show-on-hover\">\n\t\t\t\t<a href=\"#quick-view\" class=\"quick-view\" role=\"button\" data-prod=\"29727\" aria-haspopup=\"dialog\" aria-expanded=\"false\" data-flatsome-role-button>Vista R\u00e1pida<\/a>\t\t\t<\/div>\n\t\t\t\t\t<\/div>\n\n\t\t<div class=\"box-text box-text-products\">\n\t\t\t<div class=\"title-wrapper\">\t\t<p class=\"category uppercase is-smaller no-text-overflow product-cat op-8\">\n\t\t\tAsiento de ducha\t\t<\/p>\n\t<p class=\"name product-title woocommerce-loop-product__title\"><a href=\"https:\/\/www.soleum.de\/es\/shop\/asiento-de-ducha\/asiento-de-ducha-bt-b\/\" class=\"woocommerce-LoopProduct-link woocommerce-loop-product__link\">Asiento de ducha BT.B<\/a><\/p><\/div><div class=\"price-wrapper\">\n\t<span class=\"price\"><span class=\"woocommerce-Price-amount amount\"><bdi>1,20&nbsp;<span class=\"woocommerce-Price-currencySymbol\">&euro;<\/span><\/bdi><\/span> <small class=\"woocommerce-price-suffix\">inkl. MWSt.<\/small><\/span>\n<\/div>\t\t<\/div>\n\t<\/div>\n\t\t<\/div>\n<\/div><div class=\"product-small col has-hover product type-product post-29326 status-publish instock product_cat-asiento-t60 product_tag-asiento-de-ducha product_tag-asiento-para-bano-de-vapor product_tag-asiento-wellness product_tag-banco-de-bano-de-vapor product_tag-banco-de-ducha product_tag-banco-wellness product_tag-banco-wellness-es product_tag-modulo-eps product_tag-modulo-spa has-post-thumbnail taxable shipping-taxable purchasable product-type-simple\">\n\t<div class=\"col-inner\">\n\t\n<div class=\"badge-container absolute left top z-1\">\n\n<\/div>\n\t<div class=\"product-small box \">\n\t\t<div class=\"box-image\">\n\t\t\t<div class=\"image-fade_in_back\">\n\t\t\t\t<a href=\"https:\/\/www.soleum.de\/es\/shop\/bancos-de-bano-de-vapor\/asiento-t60\/asiento-para-bano-de-vapor-t60\/\">\n\t\t\t\t\t<img loading=\"lazy\" decoding=\"async\" width=\"247\" height=\"300\" src=\"https:\/\/www.soleum.de\/wp-content\/uploads\/2016\/07\/T60-247x300.jpg\" class=\"attachment-woocommerce_thumbnail size-woocommerce_thumbnail\" alt=\"Asiento de ducha T60, banco de ducha\" \/><img loading=\"lazy\" decoding=\"async\" width=\"247\" height=\"300\" src=\"https:\/\/www.soleum.de\/wp-content\/uploads\/2023\/10\/Dampfbad-Sitzbank-T60-247x300.jpg\" class=\"show-on-hover absolute fill hide-for-small back-image\" alt=\"Banco de ba\u00f1o de vapor-T60\" aria-hidden=\"true\" \/>\t\t\t\t<\/a>\n\t\t\t<\/div>\n\t\t\t<div class=\"image-tools is-small top right show-on-hover\">\n\t\t\t\t\t\t\t<\/div>\n\t\t\t<div class=\"image-tools is-small hide-for-small bottom left show-on-hover\">\n\t\t\t\t\t\t\t<\/div>\n\t\t\t<div class=\"image-tools grid-tools text-center hide-for-small bottom hover-slide-in show-on-hover\">\n\t\t\t\t<a href=\"#quick-view\" class=\"quick-view\" role=\"button\" data-prod=\"29326\" aria-haspopup=\"dialog\" aria-expanded=\"false\" data-flatsome-role-button>Vista R\u00e1pida<\/a>\t\t\t<\/div>\n\t\t\t\t\t<\/div>\n\n\t\t<div class=\"box-text box-text-products\">\n\t\t\t<div class=\"title-wrapper\">\t\t<p class=\"category uppercase is-smaller no-text-overflow product-cat op-8\">\n\t\t\tAsiento T60\t\t<\/p>\n\t<p class=\"name product-title woocommerce-loop-product__title\"><a href=\"https:\/\/www.soleum.de\/es\/shop\/bancos-de-bano-de-vapor\/asiento-t60\/asiento-para-bano-de-vapor-t60\/\" class=\"woocommerce-LoopProduct-link woocommerce-loop-product__link\">Asiento para ba\u00f1o de vapor T60<\/a><\/p><\/div><div class=\"price-wrapper\">\n\t<span class=\"price\"><span class=\"woocommerce-Price-amount amount\"><bdi>3,50&nbsp;<span class=\"woocommerce-Price-currencySymbol\">&euro;<\/span><\/bdi><\/span> <small class=\"woocommerce-price-suffix\">inkl. MWSt.<\/small><\/span>\n<\/div>\t\t<\/div>\n\t<\/div>\n\t\t<\/div>\n<\/div><div class=\"product-small col has-hover product type-product post-29704 status-publish last instock product_cat-asiento-t75 product_cat-bancos-de-bano-de-vapor product_tag-asiento-de-ducha product_tag-asiento-de-ducha-eps product_tag-asiento-eps product_tag-asiento-para-bano-de-vapor product_tag-asiento-wellness product_tag-banco-de-bano-de-vapor product_tag-banco-de-ducha product_tag-banco-eps product_tag-banco-para-ducha-de-vapor product_tag-banco-wellness product_tag-banco-wellness-es product_tag-construccion-de-banos-de-vapor-diy product_tag-construccion-de-hamams product_tag-construya-su-propia-ducha-de-vapor product_tag-construya-su-propio-bano-turco product_tag-construya-su-propio-hamam product_tag-modulo-eps product_tag-modulo-spa has-post-thumbnail taxable shipping-taxable purchasable product-type-simple\">\n\t<div class=\"col-inner\">\n\t\n<div class=\"badge-container absolute left top z-1\">\n\n<\/div>\n\t<div class=\"product-small box \">\n\t\t<div class=\"box-image\">\n\t\t\t<div class=\"image-fade_in_back\">\n\t\t\t\t<a href=\"https:\/\/www.soleum.de\/es\/shop\/bancos-de-bano-de-vapor\/asiento-t75\/banco-de-bano-de-vapor-t75\/\">\n\t\t\t\t\t<img loading=\"lazy\" decoding=\"async\" width=\"247\" height=\"300\" src=\"https:\/\/www.soleum.de\/wp-content\/uploads\/2017\/01\/T75-247x300.jpg\" class=\"attachment-woocommerce_thumbnail size-woocommerce_thumbnail\" alt=\"Asiento de ducha T75 Asiento de ba\u00f1o de vapor\" \/><img loading=\"lazy\" decoding=\"async\" width=\"247\" height=\"300\" src=\"https:\/\/www.soleum.de\/wp-content\/uploads\/2017\/01\/SOLEUM-GmbH-T75-Sitz-247x300.jpg\" class=\"show-on-hover absolute fill hide-for-small back-image\" alt=\"Asiento de ducha alicatado T75\" aria-hidden=\"true\" \/>\t\t\t\t<\/a>\n\t\t\t<\/div>\n\t\t\t<div class=\"image-tools is-small top right show-on-hover\">\n\t\t\t\t\t\t\t<\/div>\n\t\t\t<div class=\"image-tools is-small hide-for-small bottom left show-on-hover\">\n\t\t\t\t\t\t\t<\/div>\n\t\t\t<div class=\"image-tools grid-tools text-center hide-for-small bottom hover-slide-in show-on-hover\">\n\t\t\t\t<a href=\"#quick-view\" class=\"quick-view\" role=\"button\" data-prod=\"29704\" aria-haspopup=\"dialog\" aria-expanded=\"false\" data-flatsome-role-button>Vista R\u00e1pida<\/a>\t\t\t<\/div>\n\t\t\t\t\t<\/div>\n\n\t\t<div class=\"box-text box-text-products\">\n\t\t\t<div class=\"title-wrapper\">\t\t<p class=\"category uppercase is-smaller no-text-overflow product-cat op-8\">\n\t\t\tAsiento T75\t\t<\/p>\n\t<p class=\"name product-title woocommerce-loop-product__title\"><a href=\"https:\/\/www.soleum.de\/es\/shop\/bancos-de-bano-de-vapor\/asiento-t75\/banco-de-bano-de-vapor-t75\/\" class=\"woocommerce-LoopProduct-link woocommerce-loop-product__link\">Banco de ba\u00f1o de vapor T75<\/a><\/p><\/div><div class=\"price-wrapper\">\n\t<span class=\"price\"><span class=\"woocommerce-Price-amount amount\"><bdi>3,90&nbsp;<span class=\"woocommerce-Price-currencySymbol\">&euro;<\/span><\/bdi><\/span> <small class=\"woocommerce-price-suffix\">inkl. MWSt.<\/small><\/span>\n<\/div>\t\t<\/div>\n\t<\/div>\n\t\t<\/div>\n<\/div><\/div><!-- row -->\n<\/div>\n<div class=\"text-center\"><div class=\"is-divider divider clearfix\" style=\"max-width:754px;background-color:rgb(2, 0, 104);\"><\/div><\/div>\n<p>\u00bfLe gusta este art\u00edculo y las posibilidades de nuestros m\u00f3dulos EPS?<\/p>\n<blockquote><p>Esperamos tus comentarios y que compartas este post en Facebook, Google, Twitter y Co.<\/p><\/blockquote>\n","protected":false},"excerpt":{"rendered":"<p>M\u00f3dulos de EPS (m\u00f3dulos SPA) &#8211; para la construcci\u00f3n de instalaciones de bienestar y la construcci\u00f3n en seco Producci\u00f3n made in Austria &#8211; \u00a1en Pregarten Alta Austria! Para los aficionados al bricolaje que deseen construirse un ba\u00f1o de vapor ellos mismos, ofrecemos nuestros m\u00f3dulos SOLEUM EPS, que nosotros mismos utilizamos en la construcci\u00f3n de nuestros [&#8230;]\n","protected":false},"author":1,"featured_media":13415,"comment_status":"open","ping_status":"open","sticky":false,"template":"","format":"standard","meta":{"footnotes":""},"categories":[1936],"tags":[1940,1869,1949,1867,1862,1864,1942,1861,1868,1860,1944,1872,1750,1953,1946,1938,1951],"class_list":["post-22425","post","type-post","status-publish","format-standard","has-post-thumbnail","hentry","category-modulos-spa","tag-asiento-de-espuma-de-poliestireno","tag-asiento-de-espuma-dura","tag-asiento-de-espuma-dura-es","tag-asiento-enlosable","tag-asiento-para-bano-de-vapor","tag-asiento-para-bano-de-vapor-es","tag-asientos-de-espuma-de-poliestireno","tag-banco-de-bano-de-vapor","tag-banco-enlosable","tag-banco-eps","tag-construccion-de-instalaciones-de-bienestar","tag-elementos-de-asiento-de-eps","tag-fabricacion-de-moldes-de-eps","tag-flancos-de-eps-personalizados","tag-modulos-de-espuma-dura","tag-modulos-eps","tag-modulos-spa"],"_links":{"self":[{"href":"https:\/\/www.soleum.de\/es\/wp-json\/wp\/v2\/posts\/22425","targetHints":{"allow":["GET"]}}],"collection":[{"href":"https:\/\/www.soleum.de\/es\/wp-json\/wp\/v2\/posts"}],"about":[{"href":"https:\/\/www.soleum.de\/es\/wp-json\/wp\/v2\/types\/post"}],"author":[{"embeddable":true,"href":"https:\/\/www.soleum.de\/es\/wp-json\/wp\/v2\/users\/1"}],"replies":[{"embeddable":true,"href":"https:\/\/www.soleum.de\/es\/wp-json\/wp\/v2\/comments?post=22425"}],"version-history":[{"count":11,"href":"https:\/\/www.soleum.de\/es\/wp-json\/wp\/v2\/posts\/22425\/revisions"}],"predecessor-version":[{"id":22569,"href":"https:\/\/www.soleum.de\/es\/wp-json\/wp\/v2\/posts\/22425\/revisions\/22569"}],"wp:featuredmedia":[{"embeddable":true,"href":"https:\/\/www.soleum.de\/es\/wp-json\/wp\/v2\/media\/13415"}],"wp:attachment":[{"href":"https:\/\/www.soleum.de\/es\/wp-json\/wp\/v2\/media?parent=22425"}],"wp:term":[{"taxonomy":"category","embeddable":true,"href":"https:\/\/www.soleum.de\/es\/wp-json\/wp\/v2\/categories?post=22425"},{"taxonomy":"post_tag","embeddable":true,"href":"https:\/\/www.soleum.de\/es\/wp-json\/wp\/v2\/tags?post=22425"}],"curies":[{"name":"wp","href":"https:\/\/api.w.org\/{rel}","templated":true}]}}