{"id":22895,"date":"2021-11-05T10:24:45","date_gmt":"2021-11-05T09:24:45","guid":{"rendered":"https:\/\/www.soleum.de\/casa-de-la-piscina-en-el-jardin\/"},"modified":"2021-11-05T10:24:45","modified_gmt":"2021-11-05T09:24:45","slug":"casa-de-la-piscina-en-el-jardin","status":"publish","type":"post","link":"https:\/\/www.soleum.de\/es\/casa-de-la-piscina-en-el-jardin\/","title":{"rendered":"Casa de la piscina en el jard\u00edn"},"content":{"rendered":"","protected":false},"excerpt":{"rendered":"<p>Bienestar y vida en el jard\u00edn &#8211; Esta casa con piscina en el jard\u00edn cumple todos los deseos de bienestar. Soleum, sauna, ducha, jacuzzi, bar&#8230;<\/p>\n","protected":false},"author":1,"featured_media":18798,"comment_status":"open","ping_status":"open","sticky":false,"template":"","format":"standard","meta":{"footnotes":""},"categories":[1660],"tags":[2463,2752,2751,2754,2758,2468,2466,2756],"class_list":["post-22895","post","type-post","status-publish","format-standard","has-post-thumbnail","hentry","category-proyectos-de-banos-de-vapor-realizados","tag-cabina-climatizada-marina","tag-casa-de-la-piscina","tag-casa-de-la-piscina-en-el-jardin","tag-sauna-es","tag-sauna-de-jardin","tag-sauna-exterior","tag-soleum-health-spa-es","tag-zona-de-bienestar-en-el-jardin"],"_links":{"self":[{"href":"https:\/\/www.soleum.de\/es\/wp-json\/wp\/v2\/posts\/22895","targetHints":{"allow":["GET"]}}],"collection":[{"href":"https:\/\/www.soleum.de\/es\/wp-json\/wp\/v2\/posts"}],"about":[{"href":"https:\/\/www.soleum.de\/es\/wp-json\/wp\/v2\/types\/post"}],"author":[{"embeddable":true,"href":"https:\/\/www.soleum.de\/es\/wp-json\/wp\/v2\/users\/1"}],"replies":[{"embeddable":true,"href":"https:\/\/www.soleum.de\/es\/wp-json\/wp\/v2\/comments?post=22895"}],"version-history":[{"count":0,"href":"https:\/\/www.soleum.de\/es\/wp-json\/wp\/v2\/posts\/22895\/revisions"}],"wp:featuredmedia":[{"embeddable":true,"href":"https:\/\/www.soleum.de\/es\/wp-json\/wp\/v2\/media\/18798"}],"wp:attachment":[{"href":"https:\/\/www.soleum.de\/es\/wp-json\/wp\/v2\/media?parent=22895"}],"wp:term":[{"taxonomy":"category","embeddable":true,"href":"https:\/\/www.soleum.de\/es\/wp-json\/wp\/v2\/categories?post=22895"},{"taxonomy":"post_tag","embeddable":true,"href":"https:\/\/www.soleum.de\/es\/wp-json\/wp\/v2\/tags?post=22895"}],"curies":[{"name":"wp","href":"https:\/\/api.w.org\/{rel}","templated":true}]}}