{"id":22926,"date":"2023-02-21T08:10:57","date_gmt":"2023-02-21T07:10:57","guid":{"rendered":"https:\/\/www.soleum.de\/art-spa-cabines-de-luxe-pour-les-exigences-elevees\/"},"modified":"2023-09-22T12:32:07","modified_gmt":"2023-09-22T10:32:07","slug":"art-spa-cabines-de-luxe-pour-les-exigences-elevees","status":"publish","type":"post","link":"https:\/\/www.soleum.de\/fr\/art-spa-cabines-de-luxe-pour-les-exigences-elevees\/","title":{"rendered":"Art &amp; SPA &#8211; Cabines de luxe pour les exigences \u00e9lev\u00e9es"},"content":{"rendered":"\n<h1>SICIS Art &amp; SPA Suisse &#8211; Cabines de luxe pour les exigences \u00e9lev\u00e9es<\/h1>\n<p>Un SPA de luxe pour l&rsquo;h\u00f4tellerie haut de gamme et les clients priv\u00e9s &#8211; Des pi\u00e8ces uniques fabriqu\u00e9es \u00e0 la main qui attirent l&rsquo;attention visuellement.<\/p>\n<p>Le mod\u00e8le MITHOLOGIE peut \u00eatre \u00e9quip\u00e9 de <span style=\"color: #d83131;\">\n  <strong>rev\u00eatement en or 24k<\/strong>\n<\/span> et le mod\u00e8le ALCHIMIA 2 GAIA peut \u00eatre fabriqu\u00e9 avec des <span style=\"color: #d83131;\"><strong>pierres de platine pleines<\/strong> <\/span>peut \u00eatre produit.<\/p>\n<p style=\"text-align: center;\"><img loading=\"lazy\" decoding=\"async\" class=\"aligncenter size-full wp-image-9631\" src=\"https:\/\/www.soleum.de\/wp-content\/uploads\/2022\/08\/Sicis-Logo.gif\" alt=\"Logo SICIS\" width=\"327\" height=\"101\"><\/p>\n<p>Nous sommes tr\u00e8s heureux de travailler avec le fabricant italien de mosa\u00efques SICIS. Nous cr\u00e9ons ainsi des objets d&rsquo;art exclusifs qui suscitent l&rsquo;\u00e9tonnement et l&rsquo;admiration du client. <strong>Des carreaux italiens fabriqu\u00e9s \u00e0 la main<\/strong> (pas de carreaux import\u00e9s d&rsquo;Extr\u00eame-Orient) du site de RAVENNA en Italie sont utilis\u00e9s ici.<\/p>\n<p>Les logos d&rsquo;entreprises ou d&rsquo;h\u00f4tels peuvent \u00e9galement \u00eatre produits ici pour vous. Dans ce cas, veuillez nous envoyer vos souhaits en mati\u00e8re de design.<\/p>\n<p>Qui a d\u00e9j\u00e0 un objet au design aussi exclusif dans son jardin, sur sa terrasse ou pr\u00e8s de sa piscine, et qui plus est, avec de nombreux avantages pour la sant\u00e9. Un SPA HIGH-END \u00e0 part enti\u00e8re : bain de vapeur avec injection de parfum, inhalation de sel, inhalation de th\u00e9, chaleur radiante infrarouge agr\u00e9able.<\/p>\n<p>Pour voir la description compl\u00e8te de l&rsquo;\u00e9quipement de la cabine bien-\u00eatre, cliquez ici : <a href=\"https:\/\/soleum.com\/ausstattung-der-meeresklimakabine\/\" target=\"_blank\" rel=\"noopener\">\u00c9QUIPEMENT et options<\/a><\/p>\n<p>Vous \u00eates int\u00e9ress\u00e9 par une cabine Sicis-Art fabriqu\u00e9e \u00e0 la main ? Alors prenez contact avec nous.<\/p>\n<blockquote>\n<div class=\"fusion-title title fusion-title-2 fusion-title-text fusion-title-size-one\">\n<h1 class=\"title-heading-left fusion-responsive-typography-calculated\">Travail manuel<\/h1>\n<\/div>\n<\/blockquote>\n<div class=\"fusion-text fusion-text-2\">\n<p>De m\u00eame que chez SOLEUM, la quasi-totalit\u00e9 de la cabine SPA est fabriqu\u00e9e \u00e0 la main, les carreaux de mosa\u00efque exclusifs de SICIS sont fabriqu\u00e9s selon un processus de travail tr\u00e8s complexe.<\/p>\n<p>Comme plus de 900 couleurs sont disponibles, presque tous les designs de mosa\u00efques peuvent \u00eatre pos\u00e9s selon les souhaits du client.<\/p>\n<p><img loading=\"lazy\" decoding=\"async\" class=\"aligncenter size-medium wp-image-9614\" src=\"https:\/\/www.soleum.de\/wp-content\/uploads\/2022\/08\/Luxus-Design-Meeresklimakabine-Art-SPA-2-599x400.jpg\" alt=\"\" width=\"599\" height=\"400\" srcset=\"https:\/\/www.soleum.de\/wp-content\/uploads\/2022\/08\/Luxus-Design-Meeresklimakabine-Art-SPA-2-599x400.jpg 599w, https:\/\/www.soleum.de\/wp-content\/uploads\/2022\/08\/Luxus-Design-Meeresklimakabine-Art-SPA-2-768x513.jpg 768w, https:\/\/www.soleum.de\/wp-content\/uploads\/2022\/08\/Luxus-Design-Meeresklimakabine-Art-SPA-2-510x340.jpg 510w, https:\/\/www.soleum.de\/wp-content\/uploads\/2022\/08\/Luxus-Design-Meeresklimakabine-Art-SPA-2.jpg 950w\" sizes=\"auto, (max-width: 599px) 100vw, 599px\" \/><\/p>\n<p><img loading=\"lazy\" decoding=\"async\" class=\"aligncenter size-medium wp-image-9616\" src=\"https:\/\/www.soleum.de\/wp-content\/uploads\/2022\/08\/Luxus-Design-Meeresklimakabine-Art-SPA-4-308x400.jpg\" alt=\"\" width=\"308\" height=\"400\" srcset=\"https:\/\/www.soleum.de\/wp-content\/uploads\/2022\/08\/Luxus-Design-Meeresklimakabine-Art-SPA-4-308x400.jpg 308w, https:\/\/www.soleum.de\/wp-content\/uploads\/2022\/08\/Luxus-Design-Meeresklimakabine-Art-SPA-4.jpg 366w\" sizes=\"auto, (max-width: 308px) 100vw, 308px\" \/><\/p>\n<\/div>\n<h1 class=\"fusion-responsive-typography-calculated\" data-fontsize=\"82\" data-lineheight=\"82px\">Carreaux Design Mithologie &#8211; Art Couture Collection<\/h1>\n\t<div class=\"img has-hover x md-x lg-x y md-y lg-y\" id=\"image_1909871437\">\n\t\t\t\t\t\t\t\t<div class=\"img-inner image-zoom dark\" style=\"margin:0px 0px 0px 100px;\">\n\t\t\t<img loading=\"lazy\" decoding=\"async\" width=\"460\" height=\"570\" src=\"https:\/\/www.soleum.de\/wp-content\/uploads\/2022\/08\/Luxus-Design-Meeresklimakabine-Art-SPA-13.jpg\" class=\"attachment-original size-original\" alt=\"\" srcset=\"https:\/\/www.soleum.de\/wp-content\/uploads\/2022\/08\/Luxus-Design-Meeresklimakabine-Art-SPA-13.jpg 460w, https:\/\/www.soleum.de\/wp-content\/uploads\/2022\/08\/Luxus-Design-Meeresklimakabine-Art-SPA-13-323x400.jpg 323w\" sizes=\"auto, (max-width: 460px) 100vw, 460px\" \/>\t\t\t\t\t\t\n\t\t\t\t\t<\/div>\n\t\t\t\t\t\t\t\t\n<style>\n#image_1909871437 {\n  width: 55%;\n}\n<\/style>\n\t<\/div>\n\t\n\n\t<div id=\"gap-1821325179\" class=\"gap-element clearfix\" style=\"display:block; height:auto;\">\n\t\t\n<style>\n#gap-1821325179 {\n  padding-top: 50px;\n}\n<\/style>\n\t<\/div>\n\t\n\n\t<div class=\"img has-hover x md-x lg-x y md-y lg-y\" id=\"image_435257085\">\n\t\t\t\t\t\t\t\t<div class=\"img-inner dark\" >\n\t\t\t<img loading=\"lazy\" decoding=\"async\" width=\"950\" height=\"648\" src=\"https:\/\/www.soleum.de\/wp-content\/uploads\/2022\/08\/Luxus-Design-Meeresklimakabine-Art-SPA-11.jpg\" class=\"attachment-large size-large\" alt=\"\" srcset=\"https:\/\/www.soleum.de\/wp-content\/uploads\/2022\/08\/Luxus-Design-Meeresklimakabine-Art-SPA-11.jpg 950w, https:\/\/www.soleum.de\/wp-content\/uploads\/2022\/08\/Luxus-Design-Meeresklimakabine-Art-SPA-11-586x400.jpg 586w, https:\/\/www.soleum.de\/wp-content\/uploads\/2022\/08\/Luxus-Design-Meeresklimakabine-Art-SPA-11-768x524.jpg 768w, https:\/\/www.soleum.de\/wp-content\/uploads\/2022\/08\/Luxus-Design-Meeresklimakabine-Art-SPA-11-510x348.jpg 510w\" sizes=\"auto, (max-width: 950px) 100vw, 950px\" \/>\t\t\t\t\t\t\n\t\t\t\t\t<\/div>\n\t\t\t\t\t\t\t\t\n<style>\n#image_435257085 {\n  width: 100%;\n}\n<\/style>\n\t<\/div>\n\t\n\n\t<div id=\"gap-1757265704\" class=\"gap-element clearfix\" style=\"display:block; height:auto;\">\n\t\t\n<style>\n#gap-1757265704 {\n  padding-top: 50px;\n}\n<\/style>\n\t<\/div>\n\t\n\n<h1 class=\"fusion-responsive-typography-calculated\" data-fontsize=\"82\" data-lineheight=\"82px\">Carreaux Design Alchimia 2 Gaia &#8211; Colibr\u00ec Collection<\/h1>\n\t<div class=\"img has-hover x md-x lg-x y md-y lg-y\" id=\"image_263422845\">\n\t\t\t\t\t\t\t\t<div class=\"img-inner image-zoom dark\" style=\"margin:0px 0px 0px 100px;\">\n\t\t\t<img loading=\"lazy\" decoding=\"async\" width=\"639\" height=\"800\" src=\"https:\/\/www.soleum.de\/wp-content\/uploads\/2022\/08\/Luxus-Design-Meeresklimakabine-Art-SPA-9-639x800.jpg\" class=\"attachment-large size-large\" alt=\"\" srcset=\"https:\/\/www.soleum.de\/wp-content\/uploads\/2022\/08\/Luxus-Design-Meeresklimakabine-Art-SPA-9-639x800.jpg 639w, https:\/\/www.soleum.de\/wp-content\/uploads\/2022\/08\/Luxus-Design-Meeresklimakabine-Art-SPA-9-320x400.jpg 320w, https:\/\/www.soleum.de\/wp-content\/uploads\/2022\/08\/Luxus-Design-Meeresklimakabine-Art-SPA-9-510x638.jpg 510w, https:\/\/www.soleum.de\/wp-content\/uploads\/2022\/08\/Luxus-Design-Meeresklimakabine-Art-SPA-9.jpg 759w\" sizes=\"auto, (max-width: 639px) 100vw, 639px\" \/>\t\t\t\t\t\t\n\t\t\t\t\t<\/div>\n\t\t\t\t\t\t\t\t\n<style>\n#image_263422845 {\n  width: 55%;\n}\n<\/style>\n\t<\/div>\n\t\n\n\t<div id=\"gap-1830660377\" class=\"gap-element clearfix\" style=\"display:block; height:auto;\">\n\t\t\n<style>\n#gap-1830660377 {\n  padding-top: 50px;\n}\n<\/style>\n\t<\/div>\n\t\n\n\t<div class=\"img has-hover x md-x lg-x y md-y lg-y\" id=\"image_2115427443\">\n\t\t\t\t\t\t\t\t<div class=\"img-inner dark\" >\n\t\t\t<img loading=\"lazy\" decoding=\"async\" width=\"950\" height=\"649\" src=\"https:\/\/www.soleum.de\/wp-content\/uploads\/2022\/08\/Luxus-Design-Meeresklimakabine-Art-SPA-10.jpg\" class=\"attachment-large size-large\" alt=\"\" srcset=\"https:\/\/www.soleum.de\/wp-content\/uploads\/2022\/08\/Luxus-Design-Meeresklimakabine-Art-SPA-10.jpg 950w, https:\/\/www.soleum.de\/wp-content\/uploads\/2022\/08\/Luxus-Design-Meeresklimakabine-Art-SPA-10-586x400.jpg 586w, https:\/\/www.soleum.de\/wp-content\/uploads\/2022\/08\/Luxus-Design-Meeresklimakabine-Art-SPA-10-768x525.jpg 768w, https:\/\/www.soleum.de\/wp-content\/uploads\/2022\/08\/Luxus-Design-Meeresklimakabine-Art-SPA-10-510x348.jpg 510w\" sizes=\"auto, (max-width: 950px) 100vw, 950px\" \/>\t\t\t\t\t\t\n\t\t\t\t\t<\/div>\n\t\t\t\t\t\t\t\t\n<style>\n#image_2115427443 {\n  width: 100%;\n}\n<\/style>\n\t<\/div>\n\t\n\n\t<div id=\"gap-922931841\" class=\"gap-element clearfix\" style=\"display:block; height:auto;\">\n\t\t\n<style>\n#gap-922931841 {\n  padding-top: 50px;\n}\n<\/style>\n\t<\/div>\n\t\n\n<h1 class=\"fusion-responsive-typography-calculated\" data-fontsize=\"82\" data-lineheight=\"82px\">Carreaux Design Shangrila Kingdom &#8211; Art Couture Collection<\/h1>\n\t<div class=\"img has-hover x md-x lg-x y md-y lg-y\" id=\"image_1330867369\">\n\t\t\t\t\t\t\t\t<div class=\"img-inner image-zoom dark\" style=\"margin:0px 0px 0px 100px;\">\n\t\t\t<img loading=\"lazy\" decoding=\"async\" width=\"643\" height=\"800\" src=\"https:\/\/www.soleum.de\/wp-content\/uploads\/2022\/08\/Luxus-Design-Meeresklimakabine-Art-SPA-6-643x800.jpg\" class=\"attachment-large size-large\" alt=\"\" srcset=\"https:\/\/www.soleum.de\/wp-content\/uploads\/2022\/08\/Luxus-Design-Meeresklimakabine-Art-SPA-6-643x800.jpg 643w, https:\/\/www.soleum.de\/wp-content\/uploads\/2022\/08\/Luxus-Design-Meeresklimakabine-Art-SPA-6-321x400.jpg 321w, https:\/\/www.soleum.de\/wp-content\/uploads\/2022\/08\/Luxus-Design-Meeresklimakabine-Art-SPA-6-510x635.jpg 510w, https:\/\/www.soleum.de\/wp-content\/uploads\/2022\/08\/Luxus-Design-Meeresklimakabine-Art-SPA-6.jpg 763w\" sizes=\"auto, (max-width: 643px) 100vw, 643px\" \/>\t\t\t\t\t\t\n\t\t\t\t\t<\/div>\n\t\t\t\t\t\t\t\t\n<style>\n#image_1330867369 {\n  width: 55%;\n}\n<\/style>\n\t<\/div>\n\t\n\n\t<div id=\"gap-1972926392\" class=\"gap-element clearfix\" style=\"display:block; height:auto;\">\n\t\t\n<style>\n#gap-1972926392 {\n  padding-top: 50px;\n}\n<\/style>\n\t<\/div>\n\t\n\n\t<div class=\"img has-hover x md-x lg-x y md-y lg-y\" id=\"image_1951346084\">\n\t\t\t\t\t\t\t\t<div class=\"img-inner dark\" >\n\t\t\t<img loading=\"lazy\" decoding=\"async\" width=\"950\" height=\"648\" src=\"https:\/\/www.soleum.de\/wp-content\/uploads\/2022\/08\/Luxus-Design-Meeresklimakabine-Art-SPA-12.jpg\" class=\"attachment-large size-large\" alt=\"\" srcset=\"https:\/\/www.soleum.de\/wp-content\/uploads\/2022\/08\/Luxus-Design-Meeresklimakabine-Art-SPA-12.jpg 950w, https:\/\/www.soleum.de\/wp-content\/uploads\/2022\/08\/Luxus-Design-Meeresklimakabine-Art-SPA-12-586x400.jpg 586w, https:\/\/www.soleum.de\/wp-content\/uploads\/2022\/08\/Luxus-Design-Meeresklimakabine-Art-SPA-12-768x524.jpg 768w, https:\/\/www.soleum.de\/wp-content\/uploads\/2022\/08\/Luxus-Design-Meeresklimakabine-Art-SPA-12-510x348.jpg 510w\" sizes=\"auto, (max-width: 950px) 100vw, 950px\" \/>\t\t\t\t\t\t\n\t\t\t\t\t<\/div>\n\t\t\t\t\t\t\t\t\n<style>\n#image_1951346084 {\n  width: 100%;\n}\n<\/style>\n\t<\/div>\n\t\n\n\t<div id=\"gap-1112744483\" class=\"gap-element clearfix\" style=\"display:block; height:auto;\">\n\t\t\n<style>\n#gap-1112744483 {\n  padding-top: 50px;\n}\n<\/style>\n\t<\/div>\n\t\n\n<h1 class=\"fusion-responsive-typography-calculated\" data-fontsize=\"82\" data-lineheight=\"82px\">Carreaux Design Cristallite Zebra &#8211; Diamond Collection<\/h1>\n\t<div class=\"img has-hover x md-x lg-x y md-y lg-y\" id=\"image_111605274\">\n\t\t\t\t\t\t\t\t<div class=\"img-inner image-zoom dark\" style=\"margin:0px 0px 0px 100px;\">\n\t\t\t<img loading=\"lazy\" decoding=\"async\" width=\"640\" height=\"800\" src=\"https:\/\/www.soleum.de\/wp-content\/uploads\/2022\/08\/Luxus-Design-Meeresklimakabine-Art-SPA-14-640x800.jpg\" class=\"attachment-large size-large\" alt=\"\" srcset=\"https:\/\/www.soleum.de\/wp-content\/uploads\/2022\/08\/Luxus-Design-Meeresklimakabine-Art-SPA-14-640x800.jpg 640w, https:\/\/www.soleum.de\/wp-content\/uploads\/2022\/08\/Luxus-Design-Meeresklimakabine-Art-SPA-14-320x400.jpg 320w, https:\/\/www.soleum.de\/wp-content\/uploads\/2022\/08\/Luxus-Design-Meeresklimakabine-Art-SPA-14-510x638.jpg 510w, https:\/\/www.soleum.de\/wp-content\/uploads\/2022\/08\/Luxus-Design-Meeresklimakabine-Art-SPA-14.jpg 760w\" sizes=\"auto, (max-width: 640px) 100vw, 640px\" \/>\t\t\t\t\t\t\n\t\t\t\t\t<\/div>\n\t\t\t\t\t\t\t\t\n<style>\n#image_111605274 {\n  width: 55%;\n}\n<\/style>\n\t<\/div>\n\t\n\n\t<div id=\"gap-432435985\" class=\"gap-element clearfix\" style=\"display:block; height:auto;\">\n\t\t\n<style>\n#gap-432435985 {\n  padding-top: 50px;\n}\n<\/style>\n\t<\/div>\n\t\n\n\t<div class=\"img has-hover x md-x lg-x y md-y lg-y\" id=\"image_916216704\">\n\t\t\t\t\t\t\t\t<div class=\"img-inner dark\" >\n\t\t\t<img loading=\"lazy\" decoding=\"async\" width=\"950\" height=\"643\" src=\"https:\/\/www.soleum.de\/wp-content\/uploads\/2022\/08\/Luxus-Design-Meeresklimakabine-Art-SPA-1.jpg\" class=\"attachment-large size-large\" alt=\"\" srcset=\"https:\/\/www.soleum.de\/wp-content\/uploads\/2022\/08\/Luxus-Design-Meeresklimakabine-Art-SPA-1.jpg 950w, https:\/\/www.soleum.de\/wp-content\/uploads\/2022\/08\/Luxus-Design-Meeresklimakabine-Art-SPA-1-591x400.jpg 591w, https:\/\/www.soleum.de\/wp-content\/uploads\/2022\/08\/Luxus-Design-Meeresklimakabine-Art-SPA-1-768x520.jpg 768w, https:\/\/www.soleum.de\/wp-content\/uploads\/2022\/08\/Luxus-Design-Meeresklimakabine-Art-SPA-1-510x345.jpg 510w\" sizes=\"auto, (max-width: 950px) 100vw, 950px\" \/>\t\t\t\t\t\t\n\t\t\t\t\t<\/div>\n\t\t\t\t\t\t\t\t\n<style>\n#image_916216704 {\n  width: 100%;\n}\n<\/style>\n\t<\/div>\n\t\n\n\t<div id=\"gap-229233657\" class=\"gap-element clearfix\" style=\"display:block; height:auto;\">\n\t\t\n<style>\n#gap-229233657 {\n  padding-top: 50px;\n}\n<\/style>\n\t<\/div>\n\t\n\n<h1 class=\"fusion-responsive-typography-calculated\" data-fontsize=\"82\" data-lineheight=\"82px\">Carreaux Design Cristallite Zebra &#8211; Diamond Collection<\/h1>\n\t<div class=\"img has-hover x md-x lg-x y md-y lg-y\" id=\"image_427915080\">\n\t\t\t\t\t\t\t\t<div class=\"img-inner image-zoom dark\" style=\"margin:0px 0px 0px 100px;\">\n\t\t\t<img loading=\"lazy\" decoding=\"async\" width=\"643\" height=\"800\" src=\"https:\/\/www.soleum.de\/wp-content\/uploads\/2022\/08\/Luxus-Design-Meeresklimakabine-Art-SPA-7-643x800.jpg\" class=\"attachment-large size-large\" alt=\"\" srcset=\"https:\/\/www.soleum.de\/wp-content\/uploads\/2022\/08\/Luxus-Design-Meeresklimakabine-Art-SPA-7-643x800.jpg 643w, https:\/\/www.soleum.de\/wp-content\/uploads\/2022\/08\/Luxus-Design-Meeresklimakabine-Art-SPA-7-321x400.jpg 321w, https:\/\/www.soleum.de\/wp-content\/uploads\/2022\/08\/Luxus-Design-Meeresklimakabine-Art-SPA-7-510x635.jpg 510w, https:\/\/www.soleum.de\/wp-content\/uploads\/2022\/08\/Luxus-Design-Meeresklimakabine-Art-SPA-7.jpg 763w\" sizes=\"auto, (max-width: 643px) 100vw, 643px\" \/>\t\t\t\t\t\t\n\t\t\t\t\t<\/div>\n\t\t\t\t\t\t\t\t\n<style>\n#image_427915080 {\n  width: 55%;\n}\n<\/style>\n\t<\/div>\n\t\n\n\t<div id=\"gap-157344929\" class=\"gap-element clearfix\" style=\"display:block; height:auto;\">\n\t\t\n<style>\n#gap-157344929 {\n  padding-top: 50px;\n}\n<\/style>\n\t<\/div>\n\t\n\n\t<div class=\"img has-hover x md-x lg-x y md-y lg-y\" id=\"image_430562884\">\n\t\t\t\t\t\t\t\t<div class=\"img-inner dark\" >\n\t\t\t<img loading=\"lazy\" decoding=\"async\" width=\"950\" height=\"649\" src=\"https:\/\/www.soleum.de\/wp-content\/uploads\/2022\/08\/Luxus-Design-Meeresklimakabine-Art-SPA-8.jpg\" class=\"attachment-large size-large\" alt=\"\" srcset=\"https:\/\/www.soleum.de\/wp-content\/uploads\/2022\/08\/Luxus-Design-Meeresklimakabine-Art-SPA-8.jpg 950w, https:\/\/www.soleum.de\/wp-content\/uploads\/2022\/08\/Luxus-Design-Meeresklimakabine-Art-SPA-8-586x400.jpg 586w, https:\/\/www.soleum.de\/wp-content\/uploads\/2022\/08\/Luxus-Design-Meeresklimakabine-Art-SPA-8-768x525.jpg 768w, https:\/\/www.soleum.de\/wp-content\/uploads\/2022\/08\/Luxus-Design-Meeresklimakabine-Art-SPA-8-510x348.jpg 510w\" sizes=\"auto, (max-width: 950px) 100vw, 950px\" \/>\t\t\t\t\t\t\n\t\t\t\t\t<\/div>\n\t\t\t\t\t\t\t\t\n<style>\n#image_430562884 {\n  width: 100%;\n}\n<\/style>\n\t<\/div>\n\t\n\n<div class=\"text-center\"><div class=\"is-divider divider clearfix\" style=\"max-width:800px;background-color:rgb(2, 0, 104);\"><\/div><\/div>\n\n\t<div id=\"gap-318961278\" class=\"gap-element clearfix\" style=\"display:block; height:auto;\">\n\t\t\n<style>\n#gap-318961278 {\n  padding-top: 60px;\n}\n<\/style>\n\t<\/div>\n\t\n\n<blockquote>\n<p>Prix sur demande. Temps de production env. 6 mois<\/p>\n<\/blockquote>\n<blockquote>\n<p>Demandez-nous par e-mail et faites-nous part de vos souhaits et de votre design : <a href=\"mailto:info@soleum.at\">info@soleum.at<\/a><\/p>\n<\/blockquote>\n\n","protected":false},"excerpt":{"rendered":"<p>Art &amp; SPA &#8211; des cabines de luxe pour les plus exigeants. Un objet d&rsquo;art avec de nombreuses applications de bien-\u00eatre. Bain de vapeur, inhalation de sel, inhalation de th\u00e9, chaleur infrarouge, inhalation de sel sec, musique relaxante, lumi\u00e8res color\u00e9es.<\/p>\n","protected":false},"author":1,"featured_media":19859,"comment_status":"closed","ping_status":"closed","sticky":false,"template":"","format":"standard","meta":{"footnotes":""},"categories":[2502],"tags":[1251,2634,2599,2504,2874,2869,2174,2868,2870,1266,1265,2871,2860],"class_list":["post-22926","post","type-post","status-publish","format-standard","has-post-thumbnail","hentry","category-cabines-a-climat-marin","tag-artspa","tag-bain-de-vapeur-de-luxe","tag-bain-de-vapeur-exterieur","tag-cabine-climatique-marine","tag-equipement-dhotel-de-luxe","tag-equipement-hotelier-de-luxe","tag-inhalation-de-sel","tag-objet-dart-et-bain-de-vapeur","tag-produit-spa-de-luxe","tag-sicis-mosaic-spa","tag-sicis-spa","tag-sicis-suisse","tag-spa-de-luxe"],"_links":{"self":[{"href":"https:\/\/www.soleum.de\/fr\/wp-json\/wp\/v2\/posts\/22926","targetHints":{"allow":["GET"]}}],"collection":[{"href":"https:\/\/www.soleum.de\/fr\/wp-json\/wp\/v2\/posts"}],"about":[{"href":"https:\/\/www.soleum.de\/fr\/wp-json\/wp\/v2\/types\/post"}],"author":[{"embeddable":true,"href":"https:\/\/www.soleum.de\/fr\/wp-json\/wp\/v2\/users\/1"}],"replies":[{"embeddable":true,"href":"https:\/\/www.soleum.de\/fr\/wp-json\/wp\/v2\/comments?post=22926"}],"version-history":[{"count":2,"href":"https:\/\/www.soleum.de\/fr\/wp-json\/wp\/v2\/posts\/22926\/revisions"}],"predecessor-version":[{"id":22977,"href":"https:\/\/www.soleum.de\/fr\/wp-json\/wp\/v2\/posts\/22926\/revisions\/22977"}],"wp:featuredmedia":[{"embeddable":true,"href":"https:\/\/www.soleum.de\/fr\/wp-json\/wp\/v2\/media\/19859"}],"wp:attachment":[{"href":"https:\/\/www.soleum.de\/fr\/wp-json\/wp\/v2\/media?parent=22926"}],"wp:term":[{"taxonomy":"category","embeddable":true,"href":"https:\/\/www.soleum.de\/fr\/wp-json\/wp\/v2\/categories?post=22926"},{"taxonomy":"post_tag","embeddable":true,"href":"https:\/\/www.soleum.de\/fr\/wp-json\/wp\/v2\/tags?post=22926"}],"curies":[{"name":"wp","href":"https:\/\/api.w.org\/{rel}","templated":true}]}}