{"id":22774,"date":"2018-03-06T15:20:56","date_gmt":"2018-03-06T14:20:56","guid":{"rendered":"https:\/\/www.soleum.de\/poplocano-sjedalo-za-tusiranje\/"},"modified":"2023-09-22T12:31:02","modified_gmt":"2023-09-22T10:31:02","slug":"poplocano-sjedalo-za-tusiranje","status":"publish","type":"post","link":"https:\/\/www.soleum.de\/hr\/poplocano-sjedalo-za-tusiranje\/","title":{"rendered":"Poplo\u010dano sjedalo za tu\u0161iranje"},"content":{"rendered":"<h1>Poplo\u010dano sjedalo za tu\u0161iranje<\/h1>\n<p>Prema crte\u017eu kupca, proizvedeno je ovo tu\u0161 sjedalo.<\/p>\n<p>Naj\u010de\u0161\u0107e se tu\u0161 sjedalo sastavlja sami. Jednostavno zalijepite u monta\u017enu klupu za tu\u0161iranje (npr. s monta\u017enom pjenom), popre\u010dite vezu, zatvorite je tu\u0161em, a zatim je poplo\u010dite tu\u0161em.<\/p>\n<h2><strong>Prednosti EPS modularnog dizajna<\/strong><\/h2>\n<ul>\n<li>Brzo postavljanje (bez zidanja i zapra\u0161ivanja)<\/li>\n<li>Jednostavno ure\u0111ivanje ili promjena<\/li>\n<li>isplativo (jer postoji mnogo gubitka radnog vremena).<\/li>\n<\/ul>\n\t<div id=\"gap-1500651974\" class=\"gap-element clearfix\" style=\"display:block; height:auto;\">\n\t\t\n<style>\n#gap-1500651974 {\n  padding-top: 63px;\n}\n<\/style>\n\t<\/div>\n\t\n<div class=\"text-center\"><div class=\"is-divider divider clearfix\" style=\"max-width:800px;background-color:rgb(2, 0, 104);\"><\/div><\/div>\n<h2 class=\"font_2\"><span class=\"color_14\">Napredak izgradnje pogledajte ovdje&#8230;&#8230;<\/span><\/h2>\n<p>Poplo\u010dano sjedalo za tu\u0161iranje &#8211; ovdje mo\u017eete vidjeti procese ugradnje plo\u010dice tu\u0161 kabine pod tu\u0161em. Tu\u0161 sjedala izra\u0111ena od EPS-a za poplo\u010davanje su robusna, jednostavna za rad i nude ugodnu udobnost sjedenja pod tu\u0161em.<\/p>\n<ol>\n<li>Lijepljenje u EPS tu\u0161 sjedalu<\/li>\n<\/ol>\n<p>Tu\u0161 sjedalo je obi\u010dno samostalno sastavljeno. Da biste to u\u010dinili, zalijepite sjedalo na sve zidne dijelove monta\u017enom pjenom. Zatim se umre\u017eava opti\u010dkom mre\u017eom (tekstilna staklena re\u0161etka \/ fasadna re\u0161etka).<\/p>\n\t<div class=\"img has-hover x md-x lg-x y md-y lg-y\" id=\"image_331844960\">\n\t\t\t\t\t\t\t\t<div class=\"img-inner dark\" >\n\t\t\t<img loading=\"lazy\" decoding=\"async\" width=\"600\" height=\"800\" src=\"https:\/\/www.soleum.de\/wp-content\/uploads\/2017\/12\/befliesbarer_Duschsitz-004-600x800.jpg\" class=\"attachment-large size-large\" alt=\"\" srcset=\"https:\/\/www.soleum.de\/wp-content\/uploads\/2017\/12\/befliesbarer_Duschsitz-004.jpg 600w, https:\/\/www.soleum.de\/wp-content\/uploads\/2017\/12\/befliesbarer_Duschsitz-004-300x400.jpg 300w, https:\/\/www.soleum.de\/wp-content\/uploads\/2017\/12\/befliesbarer_Duschsitz-004-510x680.jpg 510w\" sizes=\"auto, (max-width: 600px) 100vw, 600px\" \/>\t\t\t\t\t\t\n\t\t\t\t\t<\/div>\n\t\t\t\t\t\t\t\t\n<style>\n#image_331844960 {\n  width: 100%;\n}\n<\/style>\n\t<\/div>\n\t\n<div class=\"text-center\"><div class=\"is-divider divider clearfix\" style=\"max-width:800px;background-color:rgb(2, 0, 104);\"><\/div><\/div>\n<h3>2. Zatvorite tu\u0161<\/h3>\n<p>Zatvorite cijeli tu\u0161 prema uputama proizvo\u0111a\u010da za hidroizolaciju (1k ili 2k hidroizolacija). Ova hidroizolacija se uglavnom primjenjuje 2x tijekom parnih tu\u0161eva.<\/p>\n<p>Na pod se postavljaju brtvene trake, pa \u010dak i kompletne brtvene membrane.<\/p>\n\t<div class=\"img has-hover x md-x lg-x y md-y lg-y\" id=\"image_1256763942\">\n\t\t\t\t\t\t\t\t<div class=\"img-inner dark\" >\n\t\t\t<img loading=\"lazy\" decoding=\"async\" width=\"600\" height=\"800\" src=\"https:\/\/www.soleum.de\/wp-content\/uploads\/2017\/12\/befliesbarer_Duschsitz-005-600x800.jpg\" class=\"attachment-large size-large\" alt=\"\" srcset=\"https:\/\/www.soleum.de\/wp-content\/uploads\/2017\/12\/befliesbarer_Duschsitz-005.jpg 600w, https:\/\/www.soleum.de\/wp-content\/uploads\/2017\/12\/befliesbarer_Duschsitz-005-300x400.jpg 300w, https:\/\/www.soleum.de\/wp-content\/uploads\/2017\/12\/befliesbarer_Duschsitz-005-510x680.jpg 510w\" sizes=\"auto, (max-width: 600px) 100vw, 600px\" \/>\t\t\t\t\t\t\n\t\t\t\t\t<\/div>\n\t\t\t\t\t\t\t\t\n<style>\n#image_1256763942 {\n  width: 100%;\n}\n<\/style>\n\t<\/div>\n\t\n<div class=\"text-center\"><div class=\"is-divider divider clearfix\" style=\"max-width:800px;background-color:rgb(2, 0, 104);\"><\/div><\/div>\n<h3>3. Plo\u010dice tu\u0161a<\/h3>\n<p>Nakon \u0161to se hidroizolacija osu\u0161i, mogu se pokrenuti plo\u010dice.<\/p>\n\t<div class=\"img has-hover x md-x lg-x y md-y lg-y\" id=\"image_101763098\">\n\t\t\t\t\t\t\t\t<div class=\"img-inner dark\" >\n\t\t\t<img loading=\"lazy\" decoding=\"async\" width=\"600\" height=\"800\" src=\"https:\/\/www.soleum.de\/wp-content\/uploads\/2017\/12\/befliesbarer_Duschsitz-006-600x800.jpg\" class=\"attachment-large size-large\" alt=\"\" srcset=\"https:\/\/www.soleum.de\/wp-content\/uploads\/2017\/12\/befliesbarer_Duschsitz-006.jpg 600w, https:\/\/www.soleum.de\/wp-content\/uploads\/2017\/12\/befliesbarer_Duschsitz-006-300x400.jpg 300w, https:\/\/www.soleum.de\/wp-content\/uploads\/2017\/12\/befliesbarer_Duschsitz-006-510x680.jpg 510w\" sizes=\"auto, (max-width: 600px) 100vw, 600px\" \/>\t\t\t\t\t\t\n\t\t\t\t\t<\/div>\n\t\t\t\t\t\t\t\t\n<style>\n#image_101763098 {\n  width: 100%;\n}\n<\/style>\n\t<\/div>\n\t\n<div class=\"text-center\"><div class=\"is-divider divider clearfix\" style=\"max-width:800px;background-color:rgb(2, 0, 104);\"><\/div><\/div>\n<h3>4. Tu\u0161 je potpuno poplo\u010dan<\/h3>\n<p>Posao je bio vrijedan toga! Kona\u010dno sjedim pod tu\u0161em!<\/p>\n\t<div class=\"img has-hover x md-x lg-x y md-y lg-y\" id=\"image_1657865029\">\n\t\t\t\t\t\t\t\t<div class=\"img-inner dark\" >\n\t\t\t<img loading=\"lazy\" decoding=\"async\" width=\"600\" height=\"800\" src=\"https:\/\/www.soleum.de\/wp-content\/uploads\/2017\/12\/befliesbarer_Duschsitz-007-600x800.jpg\" class=\"attachment-large size-large\" alt=\"\" srcset=\"https:\/\/www.soleum.de\/wp-content\/uploads\/2017\/12\/befliesbarer_Duschsitz-007.jpg 600w, https:\/\/www.soleum.de\/wp-content\/uploads\/2017\/12\/befliesbarer_Duschsitz-007-300x400.jpg 300w, https:\/\/www.soleum.de\/wp-content\/uploads\/2017\/12\/befliesbarer_Duschsitz-007-510x680.jpg 510w\" sizes=\"auto, (max-width: 600px) 100vw, 600px\" \/>\t\t\t\t\t\t\n\t\t\t\t\t<\/div>\n\t\t\t\t\t\t\t\t\n<style>\n#image_1657865029 {\n  width: 100%;\n}\n<\/style>\n\t<\/div>\n\t\n\t<div id=\"gap-770342485\" class=\"gap-element clearfix\" style=\"display:block; height:auto;\">\n\t\t\n<style>\n#gap-770342485 {\n  padding-top: 60px;\n}\n<\/style>\n\t<\/div>\n\t\n<h2 class=\"font_2\"><span class=\"color_14\">Proizvodnja proizvedena u Austriji &#8211; u Pregartenu, Gornja Austrija!<\/span><\/h2>\n<ul class=\"ux-products-list product_list_widget\">\n\t\t\t\t\t<li>\n\t<a href=\"https:\/\/www.soleum.de\/hr\/shop\/parne-klupe-za-kupelj\/tus-sjedalo-bt-b\/\" title=\"Tu\u0161 sjedalo BT. B\">\n\t\t<img loading=\"lazy\" decoding=\"async\" width=\"100\" height=\"100\" src=\"https:\/\/www.soleum.de\/wp-content\/uploads\/2016\/07\/BT-B-100x100.jpg\" class=\"attachment-woocommerce_gallery_thumbnail size-woocommerce_gallery_thumbnail\" alt=\"Tu\u0161 sjedalo BT-B\" srcset=\"https:\/\/www.soleum.de\/wp-content\/uploads\/2016\/07\/BT-B-100x100.jpg 100w, https:\/\/www.soleum.de\/wp-content\/uploads\/2016\/07\/BT-B-280x280.jpg 280w, https:\/\/www.soleum.de\/wp-content\/uploads\/2016\/07\/BT-B-400x400.jpg 400w, https:\/\/www.soleum.de\/wp-content\/uploads\/2016\/07\/BT-B-510x510.jpg 510w, https:\/\/www.soleum.de\/wp-content\/uploads\/2016\/07\/BT-B.jpg 720w\" sizes=\"auto, (max-width: 100px) 100vw, 100px\" \/>\t\t<span class=\"product-title\">Tu\u0161 sjedalo BT. B<\/span>\n\t<\/a>\n\t\t<span class=\"woocommerce-Price-amount amount\"><bdi>1,20&nbsp;<span class=\"woocommerce-Price-currencySymbol\">&euro;<\/span><\/bdi><\/span> <small class=\"woocommerce-price-suffix\">inkl. MWSt.<\/small><\/li>\n\t\t\t\t\t<li>\n\t<a href=\"https:\/\/www.soleum.de\/hr\/shop\/parne-klupe-za-kupelj\/klupa-za-tusiranje-bt-a\/\" title=\"Klupa za tu\u0161iranje BT. A\">\n\t\t<img loading=\"lazy\" decoding=\"async\" width=\"100\" height=\"100\" src=\"https:\/\/www.soleum.de\/wp-content\/uploads\/2016\/07\/BT-A-100x100.jpg\" class=\"attachment-woocommerce_gallery_thumbnail size-woocommerce_gallery_thumbnail\" alt=\"BT-A tu\u0161 sjedalo\" srcset=\"https:\/\/www.soleum.de\/wp-content\/uploads\/2016\/07\/BT-A-100x100.jpg 100w, https:\/\/www.soleum.de\/wp-content\/uploads\/2016\/07\/BT-A-280x280.jpg 280w, https:\/\/www.soleum.de\/wp-content\/uploads\/2016\/07\/BT-A-400x400.jpg 400w, https:\/\/www.soleum.de\/wp-content\/uploads\/2016\/07\/BT-A-510x510.jpg 510w, https:\/\/www.soleum.de\/wp-content\/uploads\/2016\/07\/BT-A.jpg 720w\" sizes=\"auto, (max-width: 100px) 100vw, 100px\" \/>\t\t<span class=\"product-title\">Klupa za tu\u0161iranje BT. A<\/span>\n\t<\/a>\n\t\t<span class=\"woocommerce-Price-amount amount\"><bdi>1,20&nbsp;<span class=\"woocommerce-Price-currencySymbol\">&euro;<\/span><\/bdi><\/span> <small class=\"woocommerce-price-suffix\">inkl. MWSt.<\/small><\/li>\n\t\t\n\t\t<\/ul>\n<div class=\"text-center\"><div class=\"is-divider divider clearfix\" style=\"max-width:800px;background-color:rgb(2, 0, 104);\"><\/div><\/div>\n<div class=\"text-center\"><div class=\"is-divider divider clearfix\" style=\"max-width:754px;background-color:rgb(2, 0, 104);\"><\/div><\/div>\n<p>Svi\u0111a li vam se ovaj \u010dlanak &#8220;Parni tu\u0161 sa tu\u0161 sjedalicom&#8221; i mogu\u0107nosti na\u0161ih EPS modula?<\/p>\n<blockquote><p>Radujemo se va\u0161em komentaru i dijeljenju ovog posta na Facebooku, Googleu, Twitteru i Co.<\/p><\/blockquote>\n","protected":false},"excerpt":{"rendered":"<p>Poplo\u010dano sjedalo za tu\u0161iranje Prema crte\u017eu kupca, proizvedeno je ovo tu\u0161 sjedalo. Naj\u010de\u0161\u0107e se tu\u0161 sjedalo sastavlja sami. Jednostavno zalijepite u monta\u017enu klupu za tu\u0161iranje (npr. s monta\u017enom pjenom), popre\u010dite vezu, zatvorite je tu\u0161em, a zatim je poplo\u010dite tu\u0161em. Prednosti EPS modularnog dizajna Brzo postavljanje (bez zidanja i zapra\u0161ivanja) Jednostavno ure\u0111ivanje ili promjena isplativo (jer [&#8230;]\n","protected":false},"author":1,"featured_media":15432,"comment_status":"open","ping_status":"open","sticky":false,"template":"","format":"standard","meta":{"footnotes":""},"categories":[2082],"tags":[1816,1804,2083,1803,1812,1805,1768,2087,2218,2085,1813,2088,2084,1811,1806,1808,2089,2216,2214],"class_list":["post-22774","post","type-post","status-publish","format-standard","has-post-thumbnail","hentry","category-spa-moduli","tag-eps-elementi-sjedala","tag-eps-klupa","tag-eps-moduli","tag-izrada-eps-kalupa","tag-klupa-s-plocicama","tag-klupa-za-parnu-kupelj","tag-konstrukcija-parne-kupelji","tag-moduli-od-krute-pjene","tag-poplocano-sjedalo-za-tusiranje","tag-sjedala-od-stiropora","tag-sjedalo-od-krute-pjene","tag-sjedalo-od-krute-pjene-hr","tag-sjedalo-od-stiropora","tag-sjedalo-s-plocicama","tag-sjedalo-za-parnu-kupelj","tag-sjedalo-za-parnu-kupelj-hr","tag-spa-moduli","tag-tus-sjedalo","tag-tus-sjedalo-za-poplocavanje"],"_links":{"self":[{"href":"https:\/\/www.soleum.de\/hr\/wp-json\/wp\/v2\/posts\/22774","targetHints":{"allow":["GET"]}}],"collection":[{"href":"https:\/\/www.soleum.de\/hr\/wp-json\/wp\/v2\/posts"}],"about":[{"href":"https:\/\/www.soleum.de\/hr\/wp-json\/wp\/v2\/types\/post"}],"author":[{"embeddable":true,"href":"https:\/\/www.soleum.de\/hr\/wp-json\/wp\/v2\/users\/1"}],"replies":[{"embeddable":true,"href":"https:\/\/www.soleum.de\/hr\/wp-json\/wp\/v2\/comments?post=22774"}],"version-history":[{"count":3,"href":"https:\/\/www.soleum.de\/hr\/wp-json\/wp\/v2\/posts\/22774\/revisions"}],"predecessor-version":[{"id":22819,"href":"https:\/\/www.soleum.de\/hr\/wp-json\/wp\/v2\/posts\/22774\/revisions\/22819"}],"wp:featuredmedia":[{"embeddable":true,"href":"https:\/\/www.soleum.de\/hr\/wp-json\/wp\/v2\/media\/15432"}],"wp:attachment":[{"href":"https:\/\/www.soleum.de\/hr\/wp-json\/wp\/v2\/media?parent=22774"}],"wp:term":[{"taxonomy":"category","embeddable":true,"href":"https:\/\/www.soleum.de\/hr\/wp-json\/wp\/v2\/categories?post=22774"},{"taxonomy":"post_tag","embeddable":true,"href":"https:\/\/www.soleum.de\/hr\/wp-json\/wp\/v2\/tags?post=22774"}],"curies":[{"name":"wp","href":"https:\/\/api.w.org\/{rel}","templated":true}]}}