{"id":22044,"date":"2015-11-19T10:26:13","date_gmt":"2015-11-19T09:26:13","guid":{"rendered":"https:\/\/www.soleum.de\/kueloenbseg-a-gozfuerdo-es-a-soleum-koezoett\/"},"modified":"2023-09-22T12:28:26","modified_gmt":"2023-09-22T10:28:26","slug":"kueloenbseg-a-gozfuerdo-es-a-soleum-koezoett","status":"publish","type":"post","link":"https:\/\/www.soleum.de\/hu\/kueloenbseg-a-gozfuerdo-es-a-soleum-koezoett\/","title":{"rendered":"K\u00fcl\u00f6nbs\u00e9g a g\u0151zf\u00fcrd\u0151 \u00e9s a SOLEUM k\u00f6z\u00f6tt"},"content":{"rendered":"<p class=\"lead\">Mi a k\u00fcl\u00f6nbs\u00e9g a g\u0151zf\u00fcrd\u0151 \u00e9s a SOLEUM k\u00f6z\u00f6tt?<\/p>\n<p>A kabin alapszerkezete mindig ugyanaz. Speci\u00e1lis v\u00edz\u00e1ll\u00f3 szigetel\u0151modulok \u00e9s padok od. Fekv\u00e9s. A g\u0151zf\u00fcrd\u0151ben \u00e1ltal\u00e1ban <strong>csak<\/strong> azokat a fel\u00fcleteket meleg\u00edtik, amelyekkel \u00d6n \u00e9rintkezhet (pad, padl\u00f3, esetleg a fal oldals\u00f3 r\u00e9szei). A SOLEUM-mal a kabin teljesen f\u0171t\u00f6tt (kiv\u00e9ve a szelep\u00e1ll\u00e1st \u00e9s a vez\u00e9rl\u0151ket). Ez term\u00e9szetesen az \u00e1rra is hat\u00e1ssal van. Tov\u00e1bb\u00e1 &#8211; \u00e9s ez a meghat\u00e1roz\u00e1s kiemelked\u0151en fontos r\u00e9sze &#8211; egy hat\u00e9kony s\u00f3oldat-k\u00f6dk\u00e9pz\u00e9si technik\u00e1t (m\u00e1s n\u00e9ven s\u00f3oldatporlaszt\u00e1st, s\u00f3oldat-inhal\u00e1ci\u00f3t) alkalmaznak!<\/p>\n<blockquote>\n<p>A g\u0151zf\u00fcrd\u0151t azonban term\u00e9szetesen felszerelheted a s\u00f3oldatos inhal\u00e1ci\u00f3s technik\u00e1val is! Ez ugyan\u00edgy m\u0171k\u00f6dik, \u00e9s szint\u00e9n &#8222;soleum&#8221; lenne a legt\u00e1gabb \u00e9rtelemben.<\/p>\n<\/blockquote>\n<h3>Mekkora a soleum maxim\u00e1lis m\u00e9rete?<\/h3>\n<p>A m\u00e9retnek elvileg nincsenek korl\u00e1tai. A nagyobb kabinokban hosszabb id\u0151be telik, am\u00edg a s\u00f3s p\u00e1ra kialakul, mint a kisebb kabinokban. Megfontolhat\u00f3 egy m\u00e1sodik rendszer v\u00e1s\u00e1rl\u00e1sa. A legt\u00f6bbsz\u00f6r azonban meg lehet el\u00e9gedni egy k\u00f6dk\u00e9pz\u0151 rendszerrel. Nagyobb kabinok eset\u00e9ben a g\u0151zfejleszt\u0151 haszn\u00e1lat\u00e1t is aj\u00e1nljuk, mivel \u00edgy m\u00e9g forr\u00f3bb h\u0151m\u00e9rs\u00e9kletet v\u00e1laszthat.<\/p>\n            <div class=\"row\"><div class=\"large-12 col\">\n          <div style=\"background-color:#FFF;\" class=\"slider flipContainer slider-nav-circle slide box-shadow-2\"\n            data-flickity-options='{\n              \"cellAlign\": \"center\",\n              \"wrapAround\": true,\n              \"percentPosition\": true,\n              \"imagesLoaded\": true,\n              \"pageDots\": true,\n              \"contain\": true\n          }'>\n                        <div class=\"slide\" style=\"background-color:#FFF;\">  <div class=\"row row-collapse align-middle flip-slide\" style=\"width:100%\">\n        <div class=\"large-6 col flip-page-one\">\n        <div class=\"featured-product col-inner\">\n          <a href=\"https:\/\/www.soleum.de\/hu\/shop\/gozfuerdo-technologia\/sos-para-koedkepzes-gozfuerdohoez\/\">\n                <div class=\"product-image relative\">\n                   <div class=\"front-image\">\n                    <img loading=\"lazy\" decoding=\"async\" width=\"510\" height=\"338\" src=\"https:\/\/www.soleum.de\/wp-content\/uploads\/2016\/10\/Solevernebelung_fuer_Dampfbad-510x338.jpg\" class=\"attachment-woocommerce_single size-woocommerce_single wp-post-image\" alt=\"S\u00f3s p\u00e1ra k\u00f6dk\u00e9pz\u00e9s g\u0151zf\u00fcrd\u0151h\u00f6z\" srcset=\"https:\/\/www.soleum.de\/wp-content\/uploads\/2016\/10\/Solevernebelung_fuer_Dampfbad-510x338.jpg 510w, https:\/\/www.soleum.de\/wp-content\/uploads\/2016\/10\/Solevernebelung_fuer_Dampfbad.jpg 600w\" sizes=\"auto, (max-width: 510px) 100vw, 510px\" \/>                  <\/div>\n                  \n<div class=\"badge-container absolute left top z-1\">\n\n<\/div>\n                <\/div>\n          <\/a>\n        <\/div>\n        <\/div>\n       <div class=\"large-6 col flip-page-two\">\n        <div class=\"product-info col-inner inner-padding\">\n              <h1 class=\"entry-title\"><a href=\"https:\/\/www.soleum.de\/hu\/shop\/gozfuerdo-technologia\/sos-para-koedkepzes-gozfuerdohoez\/\">S\u00f3s p\u00e1ra k\u00f6dk\u00e9pz\u00e9s g\u0151zf\u00fcrd\u0151h\u00f6z<\/a><\/h1>\n              <div class=\"is-divider medium\"><\/div>\n              <div class=\"price-wrapper\">\n\t<p class=\"price product-page-price \">\n  <span class=\"woocommerce-Price-amount amount\"><bdi>1.490,00&nbsp;<span class=\"woocommerce-Price-currencySymbol\">&euro;<\/span><\/bdi><\/span> <small class=\"woocommerce-price-suffix\">inkl. MWSt.<\/small><\/p>\n<\/div>\n<div class=\"product-short-description\">\n\t<p><span id=\"product_name\">A g\u0151zf\u00fcrd\u0151kh\u00f6z \u00e9s g\u0151zzuhanyokhoz val\u00f3 s\u00f3oldat-k\u00f6d\u00f6s\u00edt\u0151 (inhal\u00e1ci\u00f3s) rendszer\u00fcnkkel s\u00f3oldatot \u00e9s k\u00fcl\u00f6nb\u00f6z\u0151 gy\u00f3gyte\u00e1kat is k\u00f6d\u00f6s\u00edthet. <\/span>Ez g\u0151zf\u00fcrd\u0151j\u00e9t vagy g\u0151zzuhany\u00e1t egy nagyon priv\u00e1t inhal\u00e1ci\u00f3s kabinra fejleszti &#8211; a mi\u00e9nk a leger\u0151sebb s\u00f3savk\u00f6d\u00f6s\u00edt\u0151 rendszer g\u0151zf\u00fcrd\u0151kh\u00f6z!<\/p>\n<\/div>\n<div class=\"product_meta\">\n\n\t\n\t\n\t\t<span class=\"sku_wrapper\">Cikksz\u00e1m: <span class=\"sku\">62100000000<\/span><\/span>\n\n\t\n\t<span class=\"posted_in\">Kateg\u00f3ri\u00e1k: <a href=\"https:\/\/www.soleum.de\/hu\/produkt-kategorie\/gozfuerdo-technologia\/\" rel=\"tag\">G\u0151zf\u00fcrd\u0151 technol\u00f3gia<\/a>, <a href=\"https:\/\/www.soleum.de\/hu\/produkt-kategorie\/sos-para-koedkepzodes\/\" rel=\"tag\">S\u00f3s p\u00e1ra k\u00f6dk\u00e9pz\u0151d\u00e9s<\/a><\/span>\n\t<span class=\"tagged_as\">C\u00edmk\u00e9k: <a href=\"https:\/\/www.soleum.de\/hu\/produkt-schlagwort\/belegzes-lo\/\" rel=\"tag\">Bel\u00e9gz\u00e9s l\u00f3<\/a>, <a href=\"https:\/\/www.soleum.de\/hu\/produkt-schlagwort\/belelegezni\/\" rel=\"tag\">bel\u00e9legezni<\/a>, <a href=\"https:\/\/www.soleum.de\/hu\/produkt-schlagwort\/belelegezni-a-gozfuerdoben\/\" rel=\"tag\">bel\u00e9legezni a g\u0151zf\u00fcrd\u0151ben<\/a>, <a href=\"https:\/\/www.soleum.de\/hu\/produkt-schlagwort\/lo-belelegzese\/\" rel=\"tag\">L\u00f3 bel\u00e9legz\u00e9se<\/a>, <a href=\"https:\/\/www.soleum.de\/hu\/produkt-schlagwort\/so-belelegzese\/\" rel=\"tag\">S\u00f3 bel\u00e9legz\u00e9se<\/a>, <a href=\"https:\/\/www.soleum.de\/hu\/produkt-schlagwort\/soinhalacios-technika\/\" rel=\"tag\">S\u00f3inhal\u00e1ci\u00f3s technika<\/a>, <a href=\"https:\/\/www.soleum.de\/hu\/produkt-schlagwort\/solegenerator-hu\/\" rel=\"tag\">Solegenerator<\/a>, <a href=\"https:\/\/www.soleum.de\/hu\/produkt-schlagwort\/solenebler-hu\/\" rel=\"tag\">Solenebler<\/a>, <a href=\"https:\/\/www.soleum.de\/hu\/produkt-schlagwort\/sos-gozfuerdo\/\" rel=\"tag\">S\u00f3s g\u0151zf\u00fcrd\u0151<\/a>, <a href=\"https:\/\/www.soleum.de\/hu\/produkt-schlagwort\/sos-gozfuerdok\/\" rel=\"tag\">S\u00f3s g\u0151zf\u00fcrd\u0151k<\/a>, <a href=\"https:\/\/www.soleum.de\/hu\/produkt-schlagwort\/sos-koedkepzodes\/\" rel=\"tag\">S\u00f3s k\u00f6dk\u00e9pz\u0151d\u00e9s<\/a>, <a href=\"https:\/\/www.soleum.de\/hu\/produkt-schlagwort\/sos-lelegeztetesi-technika\/\" rel=\"tag\">S\u00f3s l\u00e9legeztet\u00e9si technika<\/a>, <a href=\"https:\/\/www.soleum.de\/hu\/produkt-schlagwort\/sos-lugos-terapia\/\" rel=\"tag\">S\u00f3s l\u00fagos ter\u00e1pia<\/a>, <a href=\"https:\/\/www.soleum.de\/hu\/produkt-schlagwort\/sos-para\/\" rel=\"tag\">S\u00f3s p\u00e1ra<\/a>, <a href=\"https:\/\/www.soleum.de\/hu\/produkt-schlagwort\/sos-para-koedkepzes-gozfuerdohoez\/\" rel=\"tag\">S\u00f3s p\u00e1ra k\u00f6dk\u00e9pz\u00e9s g\u0151zf\u00fcrd\u0151h\u00f6z<\/a>, <a href=\"https:\/\/www.soleum.de\/hu\/produkt-schlagwort\/sos-para-koedkepzodes\/\" rel=\"tag\">S\u00f3s p\u00e1ra k\u00f6dk\u00e9pz\u0151d\u00e9s<\/a>, <a href=\"https:\/\/www.soleum.de\/hu\/produkt-schlagwort\/sos-permet\/\" rel=\"tag\">S\u00f3s permet<\/a>, <a href=\"https:\/\/www.soleum.de\/hu\/produkt-schlagwort\/sosav-belelegzese\/\" rel=\"tag\">S\u00f3sav bel\u00e9legz\u00e9se<\/a>, <a href=\"https:\/\/www.soleum.de\/hu\/produkt-schlagwort\/sosav-inhalalas-lovak-szamara\/\" rel=\"tag\">S\u00f3sav inhal\u00e1l\u00e1s lovak sz\u00e1m\u00e1ra<\/a>, <a href=\"https:\/\/www.soleum.de\/hu\/produkt-schlagwort\/sosav-kompresszor\/\" rel=\"tag\">S\u00f3sav kompresszor<\/a>, <a href=\"https:\/\/www.soleum.de\/hu\/produkt-schlagwort\/sosav-porlasztasi-technologia\/\" rel=\"tag\">S\u00f3sav porlaszt\u00e1si technol\u00f3gia<\/a>, <a href=\"https:\/\/www.soleum.de\/hu\/produkt-schlagwort\/sosfuerdo\/\" rel=\"tag\">S\u00f3sf\u00fcrd\u0151<\/a><\/span>\n\t\n<\/div>\n              <a href=\"https:\/\/www.soleum.de\/hu\/shop\/gozfuerdo-technologia\/sos-para-koedkepzes-gozfuerdohoez\/\" class=\"button\">Tov\u00e1bb olvasom<\/a>\n         <\/div>\n        <\/div>\n<\/div>\n<\/div>\n                    <\/div>\n          <\/div><\/div>\n          \n","protected":false},"excerpt":{"rendered":"<p>Mi a k\u00fcl\u00f6nbs\u00e9g a g\u0151zf\u00fcrd\u0151 \u00e9s a SOLEUM k\u00f6z\u00f6tt? A kabin alapszerkezete mindig ugyanaz. Speci\u00e1lis v\u00edz\u00e1ll\u00f3 szigetel\u0151modulok \u00e9s padok od. Fekv\u00e9s. A g\u0151zf\u00fcrd\u0151ben \u00e1ltal\u00e1ban csak azokat a fel\u00fcleteket meleg\u00edtik, amelyekkel \u00d6n \u00e9rintkezhet (pad, padl\u00f3, esetleg a fal oldals\u00f3 r\u00e9szei). A SOLEUM-mal a kabin teljesen f\u0171t\u00f6tt (kiv\u00e9ve a szelep\u00e1ll\u00e1st \u00e9s a vez\u00e9rl\u0151ket). Ez term\u00e9szetesen az \u00e1rra [&#8230;]\n","protected":false},"author":1,"featured_media":11782,"comment_status":"open","ping_status":"open","sticky":false,"template":"","format":"standard","meta":{"footnotes":""},"categories":[1540],"tags":[],"class_list":["post-22044","post","type-post","status-publish","format-standard","has-post-thumbnail","hentry","category-nincs-kategorizalva"],"_links":{"self":[{"href":"https:\/\/www.soleum.de\/hu\/wp-json\/wp\/v2\/posts\/22044","targetHints":{"allow":["GET"]}}],"collection":[{"href":"https:\/\/www.soleum.de\/hu\/wp-json\/wp\/v2\/posts"}],"about":[{"href":"https:\/\/www.soleum.de\/hu\/wp-json\/wp\/v2\/types\/post"}],"author":[{"embeddable":true,"href":"https:\/\/www.soleum.de\/hu\/wp-json\/wp\/v2\/users\/1"}],"replies":[{"embeddable":true,"href":"https:\/\/www.soleum.de\/hu\/wp-json\/wp\/v2\/comments?post=22044"}],"version-history":[{"count":2,"href":"https:\/\/www.soleum.de\/hu\/wp-json\/wp\/v2\/posts\/22044\/revisions"}],"predecessor-version":[{"id":22059,"href":"https:\/\/www.soleum.de\/hu\/wp-json\/wp\/v2\/posts\/22044\/revisions\/22059"}],"wp:featuredmedia":[{"embeddable":true,"href":"https:\/\/www.soleum.de\/hu\/wp-json\/wp\/v2\/media\/11782"}],"wp:attachment":[{"href":"https:\/\/www.soleum.de\/hu\/wp-json\/wp\/v2\/media?parent=22044"}],"wp:term":[{"taxonomy":"category","embeddable":true,"href":"https:\/\/www.soleum.de\/hu\/wp-json\/wp\/v2\/categories?post=22044"},{"taxonomy":"post_tag","embeddable":true,"href":"https:\/\/www.soleum.de\/hu\/wp-json\/wp\/v2\/tags?post=22044"}],"curies":[{"name":"wp","href":"https:\/\/api.w.org\/{rel}","templated":true}]}}