{"id":22045,"date":"2015-10-13T21:13:41","date_gmt":"2015-10-13T19:13:41","guid":{"rendered":"https:\/\/www.soleum.de\/soleum-mint-gozfuerdo\/"},"modified":"2015-10-13T21:13:41","modified_gmt":"2015-10-13T19:13:41","slug":"soleum-mint-gozfuerdo","status":"publish","type":"post","link":"https:\/\/www.soleum.de\/hu\/soleum-mint-gozfuerdo\/","title":{"rendered":"Soleum mint g\u0151zf\u00fcrd\u0151"},"content":{"rendered":"<p>A klasszikus soleumban nincs sz\u00fcks\u00e9g g\u0151zfejleszt\u0151re, de 98%-ban haszn\u00e1lj\u00e1k! A legt\u00f6bb \u00fcgyf\u00e9l azonnal g\u0151zfejleszt\u0151t vesz, mert az ut\u00f3lagos felszerel\u00e9s neh\u00e9z \u00e9s dr\u00e1ga.<\/p>\n<p>A Soleumban az \u00f6sszes falelem, az \u00fcl\u00e9s \u00e9s a padl\u00f3r\u00e9sz speci\u00e1lis, nagyon er\u0151s elektromos f\u0171t\u0151sz\u0151nyeggel f\u0171thet\u0151. Ezek kellemes sug\u00e1rz\u00f3 h\u0151t termelnek az utast\u00e9rben. Ez k\u00fcl\u00f6nb\u00f6zik a t\u00falhev\u00edtett g\u0151zt\u0151l, amely biztos\u00edtja a sz\u00fcks\u00e9ges h\u0151m\u00e9rs\u00e9kletet (~40-42\u00b0C) a g\u0151zf\u00fcrd\u0151ben vagy g\u0151zkabinban.<\/p>\n<div id='gallery-1' class='gallery galleryid-22045 gallery-columns-4 gallery-size-large'><figure class='gallery-item'>\n\t\t\t<div class='gallery-icon portrait'>\n\t\t\t\t<a href='https:\/\/www.soleum.de\/wp-content\/uploads\/2017\/02\/Badewanne-raus-Dampfdusche-rein-03.jpg'><img loading=\"lazy\" decoding=\"async\" width=\"532\" height=\"800\" src=\"https:\/\/www.soleum.de\/wp-content\/uploads\/2017\/02\/Badewanne-raus-Dampfdusche-rein-03-532x800.jpg\" class=\"attachment-large size-large\" alt=\"\" srcset=\"https:\/\/www.soleum.de\/wp-content\/uploads\/2017\/02\/Badewanne-raus-Dampfdusche-rein-03-532x800.jpg 532w, https:\/\/www.soleum.de\/wp-content\/uploads\/2017\/02\/Badewanne-raus-Dampfdusche-rein-03-510x767.jpg 510w, https:\/\/www.soleum.de\/wp-content\/uploads\/2017\/02\/Badewanne-raus-Dampfdusche-rein-03-266x400.jpg 266w, https:\/\/www.soleum.de\/wp-content\/uploads\/2017\/02\/Badewanne-raus-Dampfdusche-rein-03-768x1155.jpg 768w, https:\/\/www.soleum.de\/wp-content\/uploads\/2017\/02\/Badewanne-raus-Dampfdusche-rein-03.jpg 798w\" sizes=\"auto, (max-width: 532px) 100vw, 532px\" \/><\/a>\n\t\t\t<\/div><\/figure><figure class='gallery-item'>\n\t\t\t<div class='gallery-icon portrait'>\n\t\t\t\t<a href='https:\/\/www.soleum.de\/wp-content\/uploads\/2017\/02\/Dampfdusche-Solevernebelung.jpg'><img loading=\"lazy\" decoding=\"async\" width=\"532\" height=\"800\" src=\"https:\/\/www.soleum.de\/wp-content\/uploads\/2017\/02\/Dampfdusche-Solevernebelung-532x800.jpg\" class=\"attachment-large size-large\" alt=\"\" srcset=\"https:\/\/www.soleum.de\/wp-content\/uploads\/2017\/02\/Dampfdusche-Solevernebelung-532x800.jpg 532w, https:\/\/www.soleum.de\/wp-content\/uploads\/2017\/02\/Dampfdusche-Solevernebelung-510x767.jpg 510w, https:\/\/www.soleum.de\/wp-content\/uploads\/2017\/02\/Dampfdusche-Solevernebelung-266x400.jpg 266w, https:\/\/www.soleum.de\/wp-content\/uploads\/2017\/02\/Dampfdusche-Solevernebelung-768x1155.jpg 768w, https:\/\/www.soleum.de\/wp-content\/uploads\/2017\/02\/Dampfdusche-Solevernebelung.jpg 798w\" sizes=\"auto, (max-width: 532px) 100vw, 532px\" \/><\/a>\n\t\t\t<\/div><\/figure><figure class='gallery-item'>\n\t\t\t<div class='gallery-icon portrait'>\n\t\t\t\t<a href='https:\/\/www.soleum.de\/wp-content\/uploads\/2017\/02\/Laconium-Dampfbad-Linz-004.jpg'><img loading=\"lazy\" decoding=\"async\" width=\"532\" height=\"800\" src=\"https:\/\/www.soleum.de\/wp-content\/uploads\/2017\/02\/Laconium-Dampfbad-Linz-004-532x800.jpg\" class=\"attachment-large size-large\" alt=\"\" srcset=\"https:\/\/www.soleum.de\/wp-content\/uploads\/2017\/02\/Laconium-Dampfbad-Linz-004-532x800.jpg 532w, https:\/\/www.soleum.de\/wp-content\/uploads\/2017\/02\/Laconium-Dampfbad-Linz-004-510x767.jpg 510w, https:\/\/www.soleum.de\/wp-content\/uploads\/2017\/02\/Laconium-Dampfbad-Linz-004-266x400.jpg 266w, https:\/\/www.soleum.de\/wp-content\/uploads\/2017\/02\/Laconium-Dampfbad-Linz-004.jpg 681w\" sizes=\"auto, (max-width: 532px) 100vw, 532px\" \/><\/a>\n\t\t\t<\/div><\/figure>\n\t\t<\/div>\n\n","protected":false},"excerpt":{"rendered":"<p>A kabin alapszerkezete mindig ugyanaz. Speci\u00e1lis v\u00edz\u00e1ll\u00f3 szigetel\u0151modulok \u00e9s padok od. Fekv\u00e9s. A g\u0151zf\u00fcrd\u0151ben \u00e1ltal\u00e1ban csak azokat a fel\u00fcleteket meleg\u00edtik, amelyekkel \u00d6n \u00e9rintkezhet (pad, padl\u00f3, esetleg a fal oldals\u00f3 r\u00e9szei). A SOLEUM-mal a kabin teljesen f\u0171t\u00f6tt (kiv\u00e9ve a szelep\u00e1ll\u00e1st \u00e9s a vez\u00e9rl\u0151ket). Ez term\u00e9szetesen az \u00e1rra is hat\u00e1ssal van.<\/p>\n","protected":false},"author":1,"featured_media":11789,"comment_status":"open","ping_status":"open","sticky":false,"template":"","format":"standard","meta":{"footnotes":""},"categories":[1540],"tags":[1580,1541,1543,1542],"class_list":["post-22045","post","type-post","status-publish","format-standard","has-post-thumbnail","hentry","category-nincs-kategorizalva","tag-gozfuerdo","tag-soleum-hu","tag-soleum-mint-gozfuerdo","tag-soskabin"],"_links":{"self":[{"href":"https:\/\/www.soleum.de\/hu\/wp-json\/wp\/v2\/posts\/22045","targetHints":{"allow":["GET"]}}],"collection":[{"href":"https:\/\/www.soleum.de\/hu\/wp-json\/wp\/v2\/posts"}],"about":[{"href":"https:\/\/www.soleum.de\/hu\/wp-json\/wp\/v2\/types\/post"}],"author":[{"embeddable":true,"href":"https:\/\/www.soleum.de\/hu\/wp-json\/wp\/v2\/users\/1"}],"replies":[{"embeddable":true,"href":"https:\/\/www.soleum.de\/hu\/wp-json\/wp\/v2\/comments?post=22045"}],"version-history":[{"count":0,"href":"https:\/\/www.soleum.de\/hu\/wp-json\/wp\/v2\/posts\/22045\/revisions"}],"wp:featuredmedia":[{"embeddable":true,"href":"https:\/\/www.soleum.de\/hu\/wp-json\/wp\/v2\/media\/11789"}],"wp:attachment":[{"href":"https:\/\/www.soleum.de\/hu\/wp-json\/wp\/v2\/media?parent=22045"}],"wp:term":[{"taxonomy":"category","embeddable":true,"href":"https:\/\/www.soleum.de\/hu\/wp-json\/wp\/v2\/categories?post=22045"},{"taxonomy":"post_tag","embeddable":true,"href":"https:\/\/www.soleum.de\/hu\/wp-json\/wp\/v2\/tags?post=22045"}],"curies":[{"name":"wp","href":"https:\/\/api.w.org\/{rel}","templated":true}]}}