{"id":22570,"date":"2017-04-05T11:05:23","date_gmt":"2017-04-05T09:05:23","guid":{"rendered":"https:\/\/www.soleum.de\/sos-para-koedkepzodes\/"},"modified":"2023-09-22T12:30:29","modified_gmt":"2023-09-22T10:30:29","slug":"sos-para-koedkepzodes","status":"publish","type":"post","link":"https:\/\/www.soleum.de\/hu\/sos-para-koedkepzodes\/","title":{"rendered":"S\u00f3s p\u00e1ra k\u00f6dk\u00e9pz\u0151d\u00e9s"},"content":{"rendered":"<h1 class=\"lead\">MEGA s\u00f3oldatos k\u00f6dk\u00e9pz\u00e9s g\u0151zf\u00fcrd\u0151h\u00f6z \u00e9s g\u0151zf\u00fcrd\u0151h\u00f6z<\/h1>\n<div class=\"term-description\">\n<h2>V\u00e1ltoztassa zuhanyz\u00f3j\u00e1t SOLE inhal\u00e1ci\u00f3s f\u00fclk\u00e9v\u00e9!<\/h2>\n<p>SOLE INHAL\u00c1CI\u00d3 \u00e9s s\u00f3s p\u00e1ra a b\u0151r\u00f6n, a Soleum\u00ae intenz\u00edv s\u00f3s p\u00e1ra miatt.<\/p>\n<p>Nem kell g\u0151zf\u00fcrd\u0151nek vagy g\u0151zzuhanyz\u00f3nak lennie, mert a s\u00f3s v\u00edzk\u00f6d technol\u00f3gi\u00e1t a zuhanyz\u00f3ba is be\u00e9p\u00edtheti.<br \/>\nMivel azonban ez a s\u00f3s p\u00e1ra nagyon intenz\u00edv, aj\u00e1nlatos lenne, hogy a zuhanyz\u00f3 z\u00e1rva legyen (fed\u00e9l a kabinon), mert k\u00fcl\u00f6nben az \u00f6sszes s\u00f3s p\u00e1ra a f\u00fcrd\u0151szob\u00e1ba is beker\u00fclhet.<\/p>\n<blockquote><p>Ez a SOLEUM\u00ae inhal\u00e1ci\u00f3s technika (a kompresszor kiv\u00e1laszt\u00e1s\u00e1t\u00f3l f\u00fcgg\u0151en) a s\u00f3oldatot vagy a te\u00e1t porlasztja.<br \/>\n<span style=\"font-size: 190%;\">legfeljebb 2,5&#215;2,5 m-es, azaz kb. 14 m3 -es helyis\u00e9gekben !<\/span><\/p><\/blockquote>\n<p>A Soleum k\u00fcl\u00f6nlegess\u00e9ge az \u00fagynevezett &#8222;s\u00f3s p\u00e1ra&#8221; kabinos bel\u00e9gz\u00e9se.<br \/>\nA s\u00f3oldat alapvet\u0151en egy s\u00f3s-vizes oldat. A b\u00e1nyas\u00f3b\u00f3l vagy s\u00f3sv\u00edzforr\u00e1sokb\u00f3l sz\u00e1rmaz\u00f3 term\u00e9szetes gy\u00f3gyszerk\u00e9nt a gy\u00f3gyf\u00fcrd\u0151kben k\u00fcl\u00f6nb\u00f6z\u0151 koncentr\u00e1ci\u00f3ban &#8211; att\u00f3l f\u00fcgg\u0151en, hogy f\u00fcrd\u0151k\u00far\u00e1ra, inhal\u00e1l\u00e1sra vagy iv\u00f3k\u00far\u00e1ra haszn\u00e1lj\u00e1k &#8211; ter\u00e1pi\u00e1s c\u00e9llal alkalmazz\u00e1k.<\/p>\n<\/div>\n<div class=\"container section-title-container\" ><h3 class=\"section-title section-title-center\"><b aria-hidden=\"true\"><\/b><span class=\"section-title-main\" style=\"color:rgb(37, 118, 194);\"><i class=\"icon-youtube\" aria-hidden=\"true\"><\/i>VIDE\u00d3 az intenz\u00edv s\u00f3s p\u00e1ra k\u00f6d\u00f6s\u00edt\u00e9sr\u0151l a zuhanyz\u00f3ban<\/span><b aria-hidden=\"true\"><\/b><\/h3><\/div>\n<p><iframe loading=\"lazy\" src=\"https:\/\/www.youtube.com\/embed\/98aPwzbqq6Q?rel=0\" width=\"640\" height=\"360\" frameborder=\"0\" allowfullscreen=\"allowfullscreen\"><\/iframe><\/p>\n<p><iframe loading=\"lazy\" src=\"https:\/\/www.youtube.com\/embed\/JVefCVRF-X8?rel=0\" width=\"640\" height=\"360\" frameborder=\"0\" allowfullscreen=\"allowfullscreen\"><\/iframe><\/p>\n<p>A k\u00f6vetkez\u0151 vide\u00f3n a SOLEUM GmbH intenz\u00edv s\u00f3oldat-k\u00f6dk\u00e9pz\u00e9s\u00e9t l\u00e1thatja. <span style=\"font-size: 160%;\">N\u00e9zze meg, milyen gyorsan (1 perct\u0151l!<\/span> ) alakul ki extr\u00e9m s\u00f3s p\u00e1ra az eg\u00e9sz g\u0151zf\u00fcrd\u0151ben.<\/p>\n<p><strong>K\u00f6r\u00fclbel\u00fcl 3 perc<\/strong> alatt az eg\u00e9sz g\u0151zf\u00fcrd\u0151t a legfinomabb s\u00f3s p\u00e1ra bor\u00edtja be. A rozsdamentes ac\u00e9ltart\u00e1lyba 1 liter s\u00f3s oldat (1-3%) vagy tea f\u00e9r. A s\u00f3t is hozz\u00e1adhatod a te\u00e1hoz, \u00e9s \u00edgy mindkett\u0151t elporlasztod!<\/p>\n<p><iframe loading=\"lazy\" src=\"https:\/\/www.youtube.com\/embed\/zGBd8YDn4jQ?rel=0\" width=\"640\" height=\"360\" frameborder=\"0\" allowfullscreen=\"allowfullscreen\"><\/iframe><\/p>\n\t<div id=\"gap-1514234011\" class=\"gap-element clearfix\" style=\"display:block; height:auto;\">\n\t\t\n<style>\n#gap-1514234011 {\n  padding-top: 32px;\n}\n<\/style>\n\t<\/div>\n\t\n<div class=\"text-center\"><div class=\"is-divider divider clearfix\" style=\"max-width:797px;background-color:rgb(20, 60, 185);\"><\/div><\/div>\n<h1>K\u00fcl\u00f6nbs\u00e9g az ultrahangos porlaszt\u00e1shoz k\u00e9pest<\/h1>\n<blockquote><p>\u00d3ri\u00e1si k\u00fcl\u00f6nbs\u00e9g van ez az er\u0151teljes s\u00f3s p\u00e1ra k\u00f6d\u00f6s\u00edt\u00e9si technika \u00e9s a szauna \u00e9s\/vagy infrakabin s\u00f3s p\u00e1ra k\u00f6d\u00f6s\u00edt\u00e9se (\u00fan. &#8222;ultrahangos s\u00f3s p\u00e1ra k\u00f6d\u00f6s\u00edt\u00e9s&#8221;) k\u00f6z\u00f6tt!<\/p><\/blockquote>\n<p>Ez az intenz\u00edv \u00e9s cs\u00edramentes s\u00f3oldat-k\u00f6d\u00f6s\u00edt\u00e9s egy eg\u00e9sz liter s\u00f3oldat folyad\u00e9kot k\u00f6d\u00f6s\u00edt kevesebb mint 15-20 perc alatt, a haszn\u00e1lt kompresszort\u00f3l f\u00fcgg\u0151en!<\/p>\n<p>Ez\u00e9rt ez t\u00fal er\u0151s lenne az infrav\u00f6r\u00f6s kabin \u00e9s a szauna folyamatos m\u0171k\u00f6d\u00e9s\u00e9hez, hacsak nem k\u00e9sz\u00edt intervallumszab\u00e1lyoz\u00e1st &#8211; a hat\u00e1s minden bizonnyal nagyobb, mint az ultrahangos k\u00f6dpermet enyh\u00e9n permetez\u0151 ultrahangos k\u00f6dpermetez\u00e9s.<\/p>\n<p><strong>Figyelje meg az &#8222;ultrahangos porlaszt\u00e1s&#8221; k\u00f6d\u00e9t<\/strong> &#8211; egyszer\u0171en csak egy nagyon kis ter\u00fcleten esik le &#8211; ez\u00e9rt az orr\u00e1t el\u00e9g pontosan al\u00e1 kell tartania &#8211; hat\u00e9konyak itt az arcmaszkkal ell\u00e1tott ultrahangos k\u00e9sz\u00fcl\u00e9kek, ahol a gy\u00f3gyszereket is be lehet porlasztani. Mivel a maszkot k\u00f6zvetlen\u00fcl az orrhoz \u00e9s a sz\u00e1jhoz helyezik, a s\u00f3s p\u00e1ra k\u00f6nnyen bel\u00e9legezhet\u0151 vagy bel\u00e9legezhet\u0151.<\/p>\n<p>Egy nagyobb infrakabinban vagy szaun\u00e1ban ez az eg\u00e9szs\u00e9g\u00fcgyi hat\u00e1s elt\u0171nik!<\/p>\n<div class=\"text-center\"><div class=\"is-divider divider clearfix\" style=\"margin-top:1.1em;margin-bottom:1.1em;max-width:853px;background-color:rgb(2, 0, 104);\"><\/div><\/div>\n<div class=\"term-description\">\n<h2>SOLE inhal\u00e1ci\u00f3s technika Lehets\u00e9ges alkalmaz\u00e1sok<\/h2>\n<p>A l\u00e9g\u00fati megbeteged\u00e9sek \u00e9s a t\u00fcd\u0151 csak fokozatosan s\u00falyosbod\u00f3 betegs\u00e9gei gyakran \u00e9vekig alig \u00e9szrevehet\u0151k.A s\u00f3oldat (1%-os UNJODIED s\u00f3oldat) inhalat\u00edv alkalmaz\u00e1sa gyullad\u00e1scs\u00f6kkent\u0151, k\u00f6ptet\u0151 (k\u00f6ptet\u00e9ssel t\u00f6rt\u00e9n\u0151 felk\u00f6h\u00f6g\u00e9s) hat\u00e1s\u00fa \u00e9s gyors\u00edtja a l\u00e9gutak ny\u00e1lkah\u00e1rty\u00e1j\u00e1nak gy\u00f3gyul\u00e1s\u00e1t.A l\u00e9gz\u0151szervek betegs\u00e9geinek megel\u0151z\u00e9se (megel\u0151z\u00e9se) \u00e9s a korai diagn\u00f3zis ez\u00e9rt d\u00f6nt\u0151 szerepet j\u00e1tszik. A s\u00f3oldatos inhal\u00e1ci\u00f3 ez\u00e9rt hat\u00e9kony kezel\u00e9si m\u00f3dszer a l\u00e9gz\u0151szervi megbeteged\u00e9sek kezel\u00e9s\u00e9re.<\/p>\n<p>Ez a probl\u00e9ma most megoldhat\u00f3 a &#8222;SOLEUM\u00ae&#8221; kombin\u00e1ci\u00f3s innov\u00e1ci\u00f3val. Ez\u00e9rt a &#8222;SOLEUM\u00ae&#8221;-ban s\u00f3oldatot porlasztanak, ami rendk\u00edv\u00fcl pozit\u00edvan j\u00e1rul hozz\u00e1 a l\u00e9gutak tehermentes\u00edt\u00e9s\u00e9hez. A gy\u00f3gyszert\u00e1rban kaphat\u00f3 JODIFIK\u00c1TLAN s\u00f3 nagyon alkalmas erre.<\/p>\n<h2>Mi az a soleum?<\/h2>\n<p>A Soleum kezdetben hagyom\u00e1nyos zuhanyk\u00e9nt haszn\u00e1lhat\u00f3, \u00fcl\u0151 k\u00e9nyelm\u00e9vel. Ezenk\u00edv\u00fcl az infrav\u00f6r\u00f6s h\u0151kabin minden el\u0151ny\u00e9t k\u00edn\u00e1lja. A k\u00fcl\u00f6nlegess\u00e9g azonban a s\u00f3s p\u00e1ra el\u0151\u00e1ll\u00edt\u00e1sa. Alternat\u00edvak\u00e9nt a gy\u00f3gyszert\u00e1rb\u00f3l sz\u00e1rmaz\u00f3 gy\u00f3gyte\u00e1k vagy m\u00e1s inhal\u00e1ci\u00f3s oldatok is elporlaszthat\u00f3k, \u00edgy a term\u00e9kinnov\u00e1ci\u00f3 egy teljesen priv\u00e1t inhal\u00e1ci\u00f3s kabinba ker\u00fclhet.A porlasztott s\u00f3oldat nem csak a l\u00e9gz\u00e9sre j\u00f3. A b\u0151r\u00f6n l\u00e9v\u0151 s\u00f3 fokozza az izzad\u00e1st \u00e9s a tisztul\u00e1st. A b\u0151r p\u00f3rusokig megtisztul, \u00e1polja, \u00e9s a kicsapott s\u00f3 rendk\u00edv\u00fcl pozit\u00edv hat\u00e1ssal van a probl\u00e9m\u00e1s b\u0151rre. Ugyanakkor term\u00e9szetes v\u00e9delmet k\u00e9pez \u00e9s t\u00e1mogatja a b\u0151r savk\u00f6peny\u00e9t. A cser\u00e9p k\u00f6zeg\u00e9n kereszt\u00fcl kibocs\u00e1tott infrav\u00f6r\u00f6s sug\u00e1rz\u00f3 h\u0151 ellaz\u00edtja az izmokat \u00e9s serkenti a kering\u00e9st.<\/p>\n<p>A SOLEUM\u00ae-ban a f\u00fcrd\u0151z\u00e9s mindezen form\u00e1i \u00e9lvezhet\u0151k, amelyek egy\u00e9nileg az \u00d6n szem\u00e9lyes k\u00edv\u00e1ns\u00e1gaihoz igaz\u00edthat\u00f3k.<\/p>\n<\/div>\n\t<div id=\"gap-2080262963\" class=\"gap-element clearfix\" style=\"display:block; height:auto;\">\n\t\t\n<style>\n#gap-2080262963 {\n  padding-top: 32px;\n}\n<\/style>\n\t<\/div>\n\t\n            <div class=\"row\"><div class=\"large-12 col\">\n          <div style=\"background-color:#FFF;\" class=\"slider flipContainer slider-nav-circle slide box-shadow-2\"\n            data-flickity-options='{\n              \"cellAlign\": \"center\",\n              \"wrapAround\": true,\n              \"percentPosition\": true,\n              \"imagesLoaded\": true,\n              \"pageDots\": true,\n              \"contain\": true\n          }'>\n                        <div class=\"slide\" style=\"background-color:#FFF;\">  <div class=\"row row-collapse align-middle flip-slide\" style=\"width:100%\">\n        <div class=\"large-6 col flip-page-one\">\n        <div class=\"featured-product col-inner\">\n          <a href=\"https:\/\/www.soleum.de\/hu\/shop\/gozfuerdo-technologia\/sos-para-koedkepzes-gozfuerdohoez\/\">\n                <div class=\"product-image relative\">\n                   <div class=\"front-image\">\n                    <img loading=\"lazy\" decoding=\"async\" width=\"510\" height=\"338\" src=\"https:\/\/www.soleum.de\/wp-content\/uploads\/2016\/10\/Solevernebelung_fuer_Dampfbad-510x338.jpg\" class=\"attachment-woocommerce_single size-woocommerce_single wp-post-image\" alt=\"S\u00f3s p\u00e1ra k\u00f6dk\u00e9pz\u00e9s g\u0151zf\u00fcrd\u0151h\u00f6z\" srcset=\"https:\/\/www.soleum.de\/wp-content\/uploads\/2016\/10\/Solevernebelung_fuer_Dampfbad-510x338.jpg 510w, https:\/\/www.soleum.de\/wp-content\/uploads\/2016\/10\/Solevernebelung_fuer_Dampfbad.jpg 600w\" sizes=\"auto, (max-width: 510px) 100vw, 510px\" \/>                  <\/div>\n                  \n<div class=\"badge-container absolute left top z-1\">\n\n<\/div>\n                <\/div>\n          <\/a>\n        <\/div>\n        <\/div>\n       <div class=\"large-6 col flip-page-two\">\n        <div class=\"product-info col-inner inner-padding\">\n              <h1 class=\"entry-title\"><a href=\"https:\/\/www.soleum.de\/hu\/shop\/gozfuerdo-technologia\/sos-para-koedkepzes-gozfuerdohoez\/\">S\u00f3s p\u00e1ra k\u00f6dk\u00e9pz\u00e9s g\u0151zf\u00fcrd\u0151h\u00f6z<\/a><\/h1>\n              <div class=\"is-divider medium\"><\/div>\n              <div class=\"price-wrapper\">\n\t<p class=\"price product-page-price \">\n  <span class=\"woocommerce-Price-amount amount\"><bdi>1.490,00&nbsp;<span class=\"woocommerce-Price-currencySymbol\">&euro;<\/span><\/bdi><\/span> <small class=\"woocommerce-price-suffix\">inkl. MWSt.<\/small><\/p>\n<\/div>\n<div class=\"product-short-description\">\n\t<p><span id=\"product_name\">A g\u0151zf\u00fcrd\u0151kh\u00f6z \u00e9s g\u0151zzuhanyokhoz val\u00f3 s\u00f3oldat-k\u00f6d\u00f6s\u00edt\u0151 (inhal\u00e1ci\u00f3s) rendszer\u00fcnkkel s\u00f3oldatot \u00e9s k\u00fcl\u00f6nb\u00f6z\u0151 gy\u00f3gyte\u00e1kat is k\u00f6d\u00f6s\u00edthet. <\/span>Ez g\u0151zf\u00fcrd\u0151j\u00e9t vagy g\u0151zzuhany\u00e1t egy nagyon priv\u00e1t inhal\u00e1ci\u00f3s kabinra fejleszti &#8211; a mi\u00e9nk a leger\u0151sebb s\u00f3savk\u00f6d\u00f6s\u00edt\u0151 rendszer g\u0151zf\u00fcrd\u0151kh\u00f6z!<\/p>\n<\/div>\n<div class=\"product_meta\">\n\n\t\n\t\n\t\t<span class=\"sku_wrapper\">Cikksz\u00e1m: <span class=\"sku\">62100000000<\/span><\/span>\n\n\t\n\t<span class=\"posted_in\">Kateg\u00f3ri\u00e1k: <a href=\"https:\/\/www.soleum.de\/hu\/produkt-kategorie\/gozfuerdo-technologia\/\" rel=\"tag\">G\u0151zf\u00fcrd\u0151 technol\u00f3gia<\/a>, <a href=\"https:\/\/www.soleum.de\/hu\/produkt-kategorie\/sos-para-koedkepzodes\/\" rel=\"tag\">S\u00f3s p\u00e1ra k\u00f6dk\u00e9pz\u0151d\u00e9s<\/a><\/span>\n\t<span class=\"tagged_as\">C\u00edmk\u00e9k: <a href=\"https:\/\/www.soleum.de\/hu\/produkt-schlagwort\/belegzes-lo\/\" rel=\"tag\">Bel\u00e9gz\u00e9s l\u00f3<\/a>, <a href=\"https:\/\/www.soleum.de\/hu\/produkt-schlagwort\/belelegezni\/\" rel=\"tag\">bel\u00e9legezni<\/a>, <a href=\"https:\/\/www.soleum.de\/hu\/produkt-schlagwort\/belelegezni-a-gozfuerdoben\/\" rel=\"tag\">bel\u00e9legezni a g\u0151zf\u00fcrd\u0151ben<\/a>, <a href=\"https:\/\/www.soleum.de\/hu\/produkt-schlagwort\/lo-belelegzese\/\" rel=\"tag\">L\u00f3 bel\u00e9legz\u00e9se<\/a>, <a href=\"https:\/\/www.soleum.de\/hu\/produkt-schlagwort\/so-belelegzese\/\" rel=\"tag\">S\u00f3 bel\u00e9legz\u00e9se<\/a>, <a href=\"https:\/\/www.soleum.de\/hu\/produkt-schlagwort\/soinhalacios-technika\/\" rel=\"tag\">S\u00f3inhal\u00e1ci\u00f3s technika<\/a>, <a href=\"https:\/\/www.soleum.de\/hu\/produkt-schlagwort\/solegenerator-hu\/\" rel=\"tag\">Solegenerator<\/a>, <a href=\"https:\/\/www.soleum.de\/hu\/produkt-schlagwort\/solenebler-hu\/\" rel=\"tag\">Solenebler<\/a>, <a href=\"https:\/\/www.soleum.de\/hu\/produkt-schlagwort\/sos-gozfuerdo\/\" rel=\"tag\">S\u00f3s g\u0151zf\u00fcrd\u0151<\/a>, <a href=\"https:\/\/www.soleum.de\/hu\/produkt-schlagwort\/sos-gozfuerdok\/\" rel=\"tag\">S\u00f3s g\u0151zf\u00fcrd\u0151k<\/a>, <a href=\"https:\/\/www.soleum.de\/hu\/produkt-schlagwort\/sos-koedkepzodes\/\" rel=\"tag\">S\u00f3s k\u00f6dk\u00e9pz\u0151d\u00e9s<\/a>, <a href=\"https:\/\/www.soleum.de\/hu\/produkt-schlagwort\/sos-lelegeztetesi-technika\/\" rel=\"tag\">S\u00f3s l\u00e9legeztet\u00e9si technika<\/a>, <a href=\"https:\/\/www.soleum.de\/hu\/produkt-schlagwort\/sos-lugos-terapia\/\" rel=\"tag\">S\u00f3s l\u00fagos ter\u00e1pia<\/a>, <a href=\"https:\/\/www.soleum.de\/hu\/produkt-schlagwort\/sos-para\/\" rel=\"tag\">S\u00f3s p\u00e1ra<\/a>, <a href=\"https:\/\/www.soleum.de\/hu\/produkt-schlagwort\/sos-para-koedkepzes-gozfuerdohoez\/\" rel=\"tag\">S\u00f3s p\u00e1ra k\u00f6dk\u00e9pz\u00e9s g\u0151zf\u00fcrd\u0151h\u00f6z<\/a>, <a href=\"https:\/\/www.soleum.de\/hu\/produkt-schlagwort\/sos-para-koedkepzodes\/\" rel=\"tag\">S\u00f3s p\u00e1ra k\u00f6dk\u00e9pz\u0151d\u00e9s<\/a>, <a href=\"https:\/\/www.soleum.de\/hu\/produkt-schlagwort\/sos-permet\/\" rel=\"tag\">S\u00f3s permet<\/a>, <a href=\"https:\/\/www.soleum.de\/hu\/produkt-schlagwort\/sosav-belelegzese\/\" rel=\"tag\">S\u00f3sav bel\u00e9legz\u00e9se<\/a>, <a href=\"https:\/\/www.soleum.de\/hu\/produkt-schlagwort\/sosav-inhalalas-lovak-szamara\/\" rel=\"tag\">S\u00f3sav inhal\u00e1l\u00e1s lovak sz\u00e1m\u00e1ra<\/a>, <a href=\"https:\/\/www.soleum.de\/hu\/produkt-schlagwort\/sosav-kompresszor\/\" rel=\"tag\">S\u00f3sav kompresszor<\/a>, <a href=\"https:\/\/www.soleum.de\/hu\/produkt-schlagwort\/sosav-porlasztasi-technologia\/\" rel=\"tag\">S\u00f3sav porlaszt\u00e1si technol\u00f3gia<\/a>, <a href=\"https:\/\/www.soleum.de\/hu\/produkt-schlagwort\/sosfuerdo\/\" rel=\"tag\">S\u00f3sf\u00fcrd\u0151<\/a><\/span>\n\t\n<\/div>\n              <a href=\"https:\/\/www.soleum.de\/hu\/shop\/gozfuerdo-technologia\/sos-para-koedkepzes-gozfuerdohoez\/\" class=\"button\">Tov\u00e1bb olvasom<\/a>\n         <\/div>\n        <\/div>\n<\/div>\n<\/div>\n                    <\/div>\n          <\/div><\/div>\n          \n<div class=\"text-center\"><div class=\"is-divider divider clearfix\" style=\"max-width:754px;background-color:rgb(2, 0, 104);\"><\/div><\/div>\n<p>Tetszett \u00f6nnek ez a cikk: &#8222;A s\u00f3s v\u00edzk\u00f6d\u00f6s\u00edt\u00e9s&#8221;?<\/p>\n<blockquote><p>V\u00e1rjuk a hozz\u00e1sz\u00f3l\u00e1sokat \u00e9s a bejegyz\u00e9s megoszt\u00e1s\u00e1t a Facebookon, a Google-on, a Twitteren \u00e9s t\u00e1rsain.<\/p><\/blockquote>\n","protected":false},"excerpt":{"rendered":"<p>MEGA s\u00f3oldatos k\u00f6dk\u00e9pz\u00e9s g\u0151zf\u00fcrd\u0151h\u00f6z \u00e9s g\u0151zf\u00fcrd\u0151h\u00f6z V\u00e1ltoztassa zuhanyz\u00f3j\u00e1t SOLE inhal\u00e1ci\u00f3s f\u00fclk\u00e9v\u00e9! SOLE INHAL\u00c1CI\u00d3 \u00e9s s\u00f3s p\u00e1ra a b\u0151r\u00f6n, a Soleum\u00ae intenz\u00edv s\u00f3s p\u00e1ra miatt. Nem kell g\u0151zf\u00fcrd\u0151nek vagy g\u0151zzuhanyz\u00f3nak lennie, mert a s\u00f3s v\u00edzk\u00f6d technol\u00f3gi\u00e1t a zuhanyz\u00f3ba is be\u00e9p\u00edtheti. Mivel azonban ez a s\u00f3s p\u00e1ra nagyon intenz\u00edv, aj\u00e1nlatos lenne, hogy a zuhanyz\u00f3 z\u00e1rva legyen (fed\u00e9l [&#8230;]\n","protected":false},"author":1,"featured_media":13483,"comment_status":"open","ping_status":"open","sticky":false,"template":"","format":"standard","meta":{"footnotes":""},"categories":[1667],"tags":[2234,2233,1546,2250,2235,2236,2241,1544,1541,2246,2249,2232,2231,2245,1789,2240,2238,2242,2244,2237,2243,2239,2247,2248],"class_list":["post-22570","post","type-post","status-publish","format-standard","has-post-thumbnail","hentry","category-gozfuerdo-technologia","tag-belelegezni","tag-belelegezni-a-gozfuerdoben","tag-egyedueli-belegzes","tag-mega-sooldatos-koedkepzes","tag-so-belelegzese","tag-soinhalacios-technika","tag-solegenerator-hu","tag-solenebel-hu","tag-soleum-hu","tag-sooldat-koedoesito-infravoeroes-kabin","tag-sooldatos-koedkepzes-mega","tag-sooldatos-koedkepzo-technologia","tag-sooldatos-koedkepzodes","tag-sooldatos-koedoesito-gozfuerdo","tag-sos-gozfuerdo","tag-sos-gozfuerdok","tag-sos-koedkepzodes","tag-sos-lelegeztetesi-technika","tag-sos-para-koedkepzes-gozfuerdohoez","tag-sos-permet","tag-sosav-kompresszor","tag-sosfuerdo","tag-ultrahangos-porlasztas","tag-ultrahangos-sooldatos-koedkepzes"],"_links":{"self":[{"href":"https:\/\/www.soleum.de\/hu\/wp-json\/wp\/v2\/posts\/22570","targetHints":{"allow":["GET"]}}],"collection":[{"href":"https:\/\/www.soleum.de\/hu\/wp-json\/wp\/v2\/posts"}],"about":[{"href":"https:\/\/www.soleum.de\/hu\/wp-json\/wp\/v2\/types\/post"}],"author":[{"embeddable":true,"href":"https:\/\/www.soleum.de\/hu\/wp-json\/wp\/v2\/users\/1"}],"replies":[{"embeddable":true,"href":"https:\/\/www.soleum.de\/hu\/wp-json\/wp\/v2\/comments?post=22570"}],"version-history":[{"count":6,"href":"https:\/\/www.soleum.de\/hu\/wp-json\/wp\/v2\/posts\/22570\/revisions"}],"predecessor-version":[{"id":22663,"href":"https:\/\/www.soleum.de\/hu\/wp-json\/wp\/v2\/posts\/22570\/revisions\/22663"}],"wp:featuredmedia":[{"embeddable":true,"href":"https:\/\/www.soleum.de\/hu\/wp-json\/wp\/v2\/media\/13483"}],"wp:attachment":[{"href":"https:\/\/www.soleum.de\/hu\/wp-json\/wp\/v2\/media?parent=22570"}],"wp:term":[{"taxonomy":"category","embeddable":true,"href":"https:\/\/www.soleum.de\/hu\/wp-json\/wp\/v2\/categories?post=22570"},{"taxonomy":"post_tag","embeddable":true,"href":"https:\/\/www.soleum.de\/hu\/wp-json\/wp\/v2\/tags?post=22570"}],"curies":[{"name":"wp","href":"https:\/\/api.w.org\/{rel}","templated":true}]}}