{"id":22826,"date":"2020-02-14T16:50:52","date_gmt":"2020-02-14T15:50:52","guid":{"rendered":"https:\/\/www.soleum.de\/soleum-tengeri-klimakabin-omega\/"},"modified":"2023-09-22T12:31:23","modified_gmt":"2023-09-22T10:31:23","slug":"soleum-tengeri-klimakabin-omega","status":"publish","type":"post","link":"https:\/\/www.soleum.de\/hu\/soleum-tengeri-klimakabin-omega\/","title":{"rendered":"SOLEUM tengeri kl\u00edmakabin OMEGA"},"content":{"rendered":"\n<h3 data-fontsize=\"36\" data-lineheight=\"45\">Tengeri kl\u00edmakabin OMEGA<\/h3>\n<h3 class=\"thin-font\">SOLEUM SPA belt\u00e9ri \u00e9s k\u00fclt\u00e9ri haszn\u00e1latra<\/h3>\n<div class=\"fusion-text\">\n<p>Az <a href=\"https:\/\/soleum.com\/treatment\/meeresklimakabine-omega\/\">OMEGA tengeri kl\u00edmakabinja<\/a> kerek, futurisztikus \u00e9s st\u00edlusos. Ezt a wellness- \u00e9s kezel\u0151kabint mag\u00e1n- \u00e9s kereskedelmi haszn\u00e1latra tervezt\u00e9k. A <strong>k\u00fcl\u00f6nleges kerek forma<\/strong> \u00e9s az olyan kezel\u00e9si m\u00f3dszerek, mint a <strong>s\u00f3oldat bel\u00e9gz\u00e9se, sz\u00ednes f\u00e9nnyel kombin\u00e1lva<\/strong> ezt a term\u00e9ket <strong>leny\u0171g\u00f6z\u0151 l\u00e1tv\u00e1ny<\/strong> oss\u00e1gg\u00e1 teszik az \u00d6n helysz\u00edn\u00e9n.<\/p>\n<\/div>\n<div class=\"slider-wrapper relative\" id=\"slider-1516209673\" >\n    <div class=\"slider slider-nav-circle slider-nav-large slider-nav-light slider-style-normal\"\n        data-flickity-options='{\n            \"cellAlign\": \"center\",\n            \"imagesLoaded\": true,\n            \"lazyLoad\": 1,\n            \"freeScroll\": false,\n            \"wrapAround\": true,\n            \"autoPlay\": 6000,\n            \"pauseAutoPlayOnHover\" : true,\n            \"prevNextButtons\": true,\n            \"contain\" : true,\n            \"adaptiveHeight\" : true,\n            \"dragThreshold\" : 10,\n            \"percentPosition\": true,\n            \"pageDots\": true,\n            \"rightToLeft\": false,\n            \"draggable\": true,\n            \"selectedAttraction\": 0.1,\n            \"parallax\" : 0,\n            \"friction\": 0.6        }'\n        >\n        \n\n\t<div class=\"img has-hover x md-x lg-x y md-y lg-y\" id=\"image_1851369350\">\n\t\t\t\t\t\t\t\t<div class=\"img-inner dark\" >\n\t\t\t<img loading=\"lazy\" decoding=\"async\" width=\"697\" height=\"464\" src=\"https:\/\/www.soleum.de\/wp-content\/uploads\/2020\/02\/Soleum-OMEGA.jpg\" class=\"attachment-large size-large\" alt=\"\" srcset=\"https:\/\/www.soleum.de\/wp-content\/uploads\/2020\/02\/Soleum-OMEGA.jpg 697w, https:\/\/www.soleum.de\/wp-content\/uploads\/2020\/02\/Soleum-OMEGA-601x400.jpg 601w, https:\/\/www.soleum.de\/wp-content\/uploads\/2020\/02\/Soleum-OMEGA-510x340.jpg 510w\" sizes=\"auto, (max-width: 697px) 100vw, 697px\" \/>\t\t\t\t\t\t\n\t\t\t\t\t<\/div>\n\t\t\t\t\t\t\t\t\n<style>\n#image_1851369350 {\n  width: 100%;\n}\n<\/style>\n\t<\/div>\n\t\n\n\t<div class=\"img has-hover x md-x lg-x y md-y lg-y\" id=\"image_416747496\">\n\t\t\t\t\t\t\t\t<div class=\"img-inner dark\" >\n\t\t\t<img loading=\"lazy\" decoding=\"async\" width=\"697\" height=\"383\" src=\"https:\/\/www.soleum.de\/wp-content\/uploads\/2020\/02\/Meeresklimakabine-Soleum-SPA-3.jpg\" class=\"attachment-large size-large\" alt=\"\" srcset=\"https:\/\/www.soleum.de\/wp-content\/uploads\/2020\/02\/Meeresklimakabine-Soleum-SPA-3.jpg 697w, https:\/\/www.soleum.de\/wp-content\/uploads\/2020\/02\/Meeresklimakabine-Soleum-SPA-3-510x280.jpg 510w\" sizes=\"auto, (max-width: 697px) 100vw, 697px\" \/>\t\t\t\t\t\t\n\t\t\t\t\t<\/div>\n\t\t\t\t\t\t\t\t\n<style>\n#image_416747496 {\n  width: 100%;\n}\n<\/style>\n\t<\/div>\n\t\n\n\t<div class=\"img has-hover x md-x lg-x y md-y lg-y\" id=\"image_516330171\">\n\t\t\t\t\t\t\t\t<div class=\"img-inner dark\" >\n\t\t\t<img loading=\"lazy\" decoding=\"async\" width=\"697\" height=\"383\" src=\"https:\/\/www.soleum.de\/wp-content\/uploads\/2020\/02\/Meeresklimakabine-Soleum-SPA-9.jpg\" class=\"attachment-large size-large\" alt=\"\" srcset=\"https:\/\/www.soleum.de\/wp-content\/uploads\/2020\/02\/Meeresklimakabine-Soleum-SPA-9.jpg 697w, https:\/\/www.soleum.de\/wp-content\/uploads\/2020\/02\/Meeresklimakabine-Soleum-SPA-9-510x280.jpg 510w\" sizes=\"auto, (max-width: 697px) 100vw, 697px\" \/>\t\t\t\t\t\t\n\t\t\t\t\t<\/div>\n\t\t\t\t\t\t\t\t\n<style>\n#image_516330171 {\n  width: 100%;\n}\n<\/style>\n\t<\/div>\n\t\n\n\t<div class=\"img has-hover x md-x lg-x y md-y lg-y\" id=\"image_826897650\">\n\t\t\t\t\t\t\t\t<div class=\"img-inner dark\" >\n\t\t\t<img loading=\"lazy\" decoding=\"async\" width=\"697\" height=\"383\" src=\"https:\/\/www.soleum.de\/wp-content\/uploads\/2020\/02\/Meeresklimakabine-Soleum-SPA-10.jpg\" class=\"attachment-large size-large\" alt=\"\" srcset=\"https:\/\/www.soleum.de\/wp-content\/uploads\/2020\/02\/Meeresklimakabine-Soleum-SPA-10.jpg 697w, https:\/\/www.soleum.de\/wp-content\/uploads\/2020\/02\/Meeresklimakabine-Soleum-SPA-10-510x280.jpg 510w\" sizes=\"auto, (max-width: 697px) 100vw, 697px\" \/>\t\t\t\t\t\t\n\t\t\t\t\t<\/div>\n\t\t\t\t\t\t\t\t\n<style>\n#image_826897650 {\n  width: 100%;\n}\n<\/style>\n\t<\/div>\n\t\n\n\t<div class=\"img has-hover x md-x lg-x y md-y lg-y\" id=\"image_1729408683\">\n\t\t\t\t\t\t\t\t<div class=\"img-inner dark\" >\n\t\t\t<img loading=\"lazy\" decoding=\"async\" width=\"697\" height=\"383\" src=\"https:\/\/www.soleum.de\/wp-content\/uploads\/2020\/02\/Meeresklimakabine-Soleum-SPA-7.jpg\" class=\"attachment-large size-large\" alt=\"\" srcset=\"https:\/\/www.soleum.de\/wp-content\/uploads\/2020\/02\/Meeresklimakabine-Soleum-SPA-7.jpg 697w, https:\/\/www.soleum.de\/wp-content\/uploads\/2020\/02\/Meeresklimakabine-Soleum-SPA-7-510x280.jpg 510w\" sizes=\"auto, (max-width: 697px) 100vw, 697px\" \/>\t\t\t\t\t\t\n\t\t\t\t\t<\/div>\n\t\t\t\t\t\t\t\t\n<style>\n#image_1729408683 {\n  width: 100%;\n}\n<\/style>\n\t<\/div>\n\t\n\n\t<div class=\"img has-hover x md-x lg-x y md-y lg-y\" id=\"image_1981486519\">\n\t\t\t\t\t\t\t\t<div class=\"img-inner dark\" >\n\t\t\t<img loading=\"lazy\" decoding=\"async\" width=\"697\" height=\"383\" src=\"https:\/\/www.soleum.de\/wp-content\/uploads\/2020\/02\/Meeresklimakabine-Soleum-SPA-12.jpg\" class=\"attachment-large size-large\" alt=\"\" srcset=\"https:\/\/www.soleum.de\/wp-content\/uploads\/2020\/02\/Meeresklimakabine-Soleum-SPA-12.jpg 697w, https:\/\/www.soleum.de\/wp-content\/uploads\/2020\/02\/Meeresklimakabine-Soleum-SPA-12-510x280.jpg 510w\" sizes=\"auto, (max-width: 697px) 100vw, 697px\" \/>\t\t\t\t\t\t\n\t\t\t\t\t<\/div>\n\t\t\t\t\t\t\t\t\n<style>\n#image_1981486519 {\n  width: 100%;\n}\n<\/style>\n\t<\/div>\n\t\n\n\t<div class=\"img has-hover x md-x lg-x y md-y lg-y\" id=\"image_1386674616\">\n\t\t\t\t\t\t\t\t<div class=\"img-inner dark\" >\n\t\t\t<img loading=\"lazy\" decoding=\"async\" width=\"697\" height=\"383\" src=\"https:\/\/www.soleum.de\/wp-content\/uploads\/2020\/02\/Meeresklimakabine-Soleum-SPA-2.jpg\" class=\"attachment-large size-large\" alt=\"\" srcset=\"https:\/\/www.soleum.de\/wp-content\/uploads\/2020\/02\/Meeresklimakabine-Soleum-SPA-2.jpg 697w, https:\/\/www.soleum.de\/wp-content\/uploads\/2020\/02\/Meeresklimakabine-Soleum-SPA-2-510x280.jpg 510w\" sizes=\"auto, (max-width: 697px) 100vw, 697px\" \/>\t\t\t\t\t\t\n\t\t\t\t\t<\/div>\n\t\t\t\t\t\t\t\t\n<style>\n#image_1386674616 {\n  width: 100%;\n}\n<\/style>\n\t<\/div>\n\t\n\n\t<div class=\"img has-hover x md-x lg-x y md-y lg-y\" id=\"image_1051574390\">\n\t\t\t\t\t\t\t\t<div class=\"img-inner dark\" >\n\t\t\t<img loading=\"lazy\" decoding=\"async\" width=\"697\" height=\"383\" src=\"https:\/\/www.soleum.de\/wp-content\/uploads\/2020\/02\/Meeresklimakabine-Soleum-SPA-5.jpg\" class=\"attachment-large size-large\" alt=\"\" srcset=\"https:\/\/www.soleum.de\/wp-content\/uploads\/2020\/02\/Meeresklimakabine-Soleum-SPA-5.jpg 697w, https:\/\/www.soleum.de\/wp-content\/uploads\/2020\/02\/Meeresklimakabine-Soleum-SPA-5-510x280.jpg 510w\" sizes=\"auto, (max-width: 697px) 100vw, 697px\" \/>\t\t\t\t\t\t\n\t\t\t\t\t<\/div>\n\t\t\t\t\t\t\t\t\n<style>\n#image_1051574390 {\n  width: 100%;\n}\n<\/style>\n\t<\/div>\n\t\n\n\n     <\/div>\n\n     <div class=\"loading-spin dark large centered\"><\/div>\n\n\t<\/div>\n\n\n<p><strong>A tengeri kl\u00edmakabin az \u00faj, divatos SPA kiemelked\u0151 eleme:<br\/><\/strong><\/p>\n<ul>\n<li>Sz\u00e1llod\u00e1k<\/li>\n<li>Eg\u00e9szs\u00e9g\u00fcgyi sz\u00e1llod\u00e1k<\/li>\n<li>Term\u00e1lf\u00fcrd\u0151k<\/li>\n<li>Ter\u00e1pi\u00e1s v\u00e1llalkoz\u00e1sok<\/li>\n<li>Eg\u00e9szs\u00e9g\u00fcgyi \u00fcd\u00fcl\u0151helyek<\/li>\n<li>\u00d6nkorm\u00e1nyzati v\u00e1llalkoz\u00e1sok (pl. nyilv\u00e1nos uszod\u00e1k)<\/li>\n<li>SPA vill\u00e1k<\/li>\n<li>Day SPA, Fitness st\u00fadi\u00f3k<\/li>\n<li>Medenc\u00e9s ter\u00fcletek<\/li>\n<\/ul>\n\t<div id=\"gap-498085715\" class=\"gap-element clearfix\" style=\"display:block; height:auto;\">\n\t\t\n<style>\n#gap-498085715 {\n  padding-top: 40px;\n}\n<\/style>\n\t<\/div>\n\t\n\n<p class=\"lead\">A f\u00fclke alkalmaz\u00e1s\u00e1t itt tekintheti meg:<\/p>\n<div class=\"video video-fit mb\" style=\"padding-top:56.25%;\"><iframe loading=\"lazy\" title=\"Soleum Health SPA Meeresklimakabine\" width=\"1020\" height=\"574\" src=\"https:\/\/www.youtube.com\/embed\/UBSodZTZ3bc?feature=oembed\" frameborder=\"0\" allow=\"accelerometer; autoplay; clipboard-write; encrypted-media; gyroscope; picture-in-picture; web-share\" allowfullscreen><\/iframe><\/div>\n\n\t<div id=\"gap-1301963466\" class=\"gap-element clearfix\" style=\"display:block; height:auto;\">\n\t\t\n<style>\n#gap-1301963466 {\n  padding-top: 40px;\n}\n<\/style>\n\t<\/div>\n\t\n\n<h1 class=\"lead\">Alkalmaz\u00e1sok:<\/h1>\n<ul>\n<li>eg\u00e9szs\u00e9ges s\u00f3inhal\u00e1ci\u00f3<a href=\"https:\/\/soleum.com\/treatment\/feuchte-soleinhalation-thalassotherapie\/\">(nedves s\u00f3s p\u00e1ra<\/a>)<\/li>\n<li><a href=\"https:\/\/soleum.com\/treatment\/tee-inhalieren-im-teedarium\/\">TEEDARIUM\u00ae<\/a>: k\u00fcl\u00f6nb\u00f6z\u0151 teainhal\u00e1ci\u00f3k (kamilla, borsmenta, kakukkf\u0171, zs\u00e1lya)<\/li>\n<li>H\u0151kabin<a href=\"https:\/\/soleum.com\/treatment\/infrarot-strahlungswaerme\/\">(infrav\u00f6r\u00f6s sug\u00e1rz\u00f3<\/a> h\u0151)<\/li>\n<li><a href=\"https:\/\/soleum.com\/treatment\/farblichtstimmung\/\">Sz\u00ednes f\u00e9ny<\/a><\/li>\n<li>Hangrendszer<\/li>\n<li><a href=\"https:\/\/soleum.com\/treatment\/smart-control\/\">Smart Control<\/a> &#8211; vez\u00e9rl\u00e9s okostelefonon\/WEB-en kereszt\u00fcl<\/li>\n<li>A kabinban alg\u00e1sod\u00e1s vagy iszaposod\u00e1s lehets\u00e9ges.<\/li>\n<li>S\u00f3val val\u00f3 d\u00f6rzs\u00f6l\u00e9s a wellness kezel\u00e9s alatt lehets\u00e9ges<\/li>\n<\/ul>\n<p> <\/p>\n<ul>\n<li>OPCI\u00d3 <a href=\"https:\/\/soleum.com\/treatment\/dampfbad\/\">G\u0151z\u00fczem<\/a> (a v\u00edzbevezet\u00e9snek fagy\u00e1ll\u00f3nak kell lennie a k\u00fclt\u00e9ri telep\u00edt\u00e9shez)<\/li>\n<li>OPCI\u00d3 <a href=\"https:\/\/soleum.com\/treatment\/trockensalzinhalation-halotherapie\/\">Sz\u00e1raz s\u00f3 inhal\u00e1ci\u00f3 (haloter\u00e1pia)<\/a><\/li>\n<li>\n<p>OPCI\u00d3 Illatinf\u00fazi\u00f3 a g\u0151z\u00f6n kereszt\u00fcl (a g\u0151zfejleszt\u0151vel \u00f6sszekapcsolva)<\/p>\n<\/li>\n<li>\n<p>OPCI\u00d3 (mag\u00e1n\u00fcgyfelek sz\u00e1m\u00e1ra) : Zuhanyz\u00f3 szerelv\u00e9ny<\/p>\n<\/li>\n<\/ul>\n\t<div id=\"gap-1092369421\" class=\"gap-element clearfix\" style=\"display:block; height:auto;\">\n\t\t\n<style>\n#gap-1092369421 {\n  padding-top: 40px;\n}\n<\/style>\n\t<\/div>\n\t\n\n<p class=\"lead\">M\u00e9retek:<\/p>\n\t<div class=\"img has-hover x md-x lg-x y md-y lg-y\" id=\"image_689759910\">\n\t\t\t\t\t\t\t\t<div class=\"img-inner dark\" >\n\t\t\t<img loading=\"lazy\" decoding=\"async\" width=\"1000\" height=\"707\" src=\"https:\/\/www.soleum.de\/wp-content\/uploads\/2020\/02\/Technische-Zeichnung-OMEGA.jpg\" class=\"attachment-large size-large\" alt=\"\" srcset=\"https:\/\/www.soleum.de\/wp-content\/uploads\/2020\/02\/Technische-Zeichnung-OMEGA.jpg 1000w, https:\/\/www.soleum.de\/wp-content\/uploads\/2020\/02\/Technische-Zeichnung-OMEGA-566x400.jpg 566w, https:\/\/www.soleum.de\/wp-content\/uploads\/2020\/02\/Technische-Zeichnung-OMEGA-768x543.jpg 768w, https:\/\/www.soleum.de\/wp-content\/uploads\/2020\/02\/Technische-Zeichnung-OMEGA-510x361.jpg 510w\" sizes=\"auto, (max-width: 1000px) 100vw, 1000px\" \/>\t\t\t\t\t\t\n\t\t\t\t\t<\/div>\n\t\t\t\t\t\t\t\t\n<style>\n#image_689759910 {\n  width: 100%;\n}\n<\/style>\n\t<\/div>\n\t\n\n\t<div id=\"gap-1991453991\" class=\"gap-element clearfix\" style=\"display:block; height:auto;\">\n\t\t\n<style>\n#gap-1991453991 {\n  padding-top: 40px;\n}\n<\/style>\n\t<\/div>\n\t\n\n<h1 class=\"lead\">Sz\u00e1raz s\u00f3 bel\u00e9gz\u00e9se:<\/h1>\n<div class=\"fusion-text\">\n<p>Sz\u00e1raz form\u00e1ban a s\u00f3nak van a leger\u0151sebb gy\u00f3gy\u00edt\u00f3 hat\u00e1sa a l\u00e9gz\u0151szervekre \u00e9s a b\u0151rre. A mikroszkopikusan finom s\u00f3szemcs\u00e9ket szabadalmaztatott technik\u00e1val f\u00fajj\u00e1k a SOLEUM\u00ae-ba.<\/p>\n<p>A sz\u00e1raz s\u00f3 bel\u00e9gz\u00e9se serkenti a ny\u00e1lkah\u00e1rty\u00e1k \u00f6ntiszt\u00edt\u00f3 erej\u00e9t. Hat\u00e1sa gyullad\u00e1scs\u00f6kkent\u0151, cs\u00edra\u00f6l\u0151, ny\u00e1kold\u00f3 \u00e9s ellaz\u00edtja a l\u00e9gutak simaizmait. Javul a szell\u0151z\u00e9s \u00e9s a l\u00e9gz\u00e9s. A finom s\u00f3ter\u00e1pia az eg\u00e9sz b\u0151rfel\u00fcletre hat, a b\u0151rgyullad\u00e1s \u00e9s a viszket\u00e9s jelent\u0151sen cs\u00f6kken.<\/p>\n<\/div>\n<div class=\"video video-fit mb\" style=\"padding-top:56.25%;\"><p><iframe loading=\"lazy\" title=\"Trockensalznebel\" width=\"1020\" height=\"574\" src=\"https:\/\/www.youtube.com\/embed\/PX9ObRaBUaQ?feature=oembed\" frameborder=\"0\" allow=\"accelerometer; autoplay; clipboard-write; encrypted-media; gyroscope; picture-in-picture; web-share\" allowfullscreen><\/iframe><\/p>\n<\/div>\n\n\t<div id=\"gap-994380493\" class=\"gap-element clearfix\" style=\"display:block; height:auto;\">\n\t\t\n<style>\n#gap-994380493 {\n  padding-top: 40px;\n}\n<\/style>\n\t<\/div>\n\t\n\n<h1 class=\"lead\">Nedves SOLENE BEL\u00c9P\u00c9S \u00e9s TEA bel\u00e9legz\u00e9se<\/h1>\n<div class=\"fusion-text\">\n<p>A Soleum\u00ae-ban finomra porlasztott, h\u00edg\u00edtott, <strong>nem j\u00f3dozott<\/strong> s\u00f3oldatot permeteznek. Ezt a tengeri leveg\u0151t thalassoter\u00e1pi\u00e1nak nevezz\u00fck &#8211; az &#8222;igazi&#8221; thalassoter\u00e1pi\u00e1ra vil\u00e1gosan meghat\u00e1rozott szab\u00e1lyok vonatkoznak. Neve ellen\u00e9re azonban a thalassoter\u00e1pia nem &#8222;ter\u00e1pia&#8221; orvosi \u00e9rtelemben, mivel a wellness-\u00e1gazat r\u00e9sze, \u00e9s az orvosi ter\u00e1pi\u00e1k t\u00e1mogat\u00e1s\u00e1ra szolg\u00e1l. A thalasso a wellness-r\u00e9szlegben csak a kikapcsol\u00f3d\u00e1sra szolg\u00e1l.<\/p>\n<p>A nedves s\u00f3l\u00e9 inhal\u00e1l\u00e1s nemcsak a l\u00e9gz\u00e9sre, hanem az eg\u00e9sz b\u0151rre is j\u00f3t\u00e9konyan hat. A b\u0151r\u00f6n l\u00e9v\u0151 s\u00f3 fokozza az izzad\u00e1st, tiszt\u00edt, tiszt\u00edt, t\u00e1pl\u00e1l, \u00e9s rendk\u00edv\u00fcl pozit\u00edv hat\u00e1ssal van a probl\u00e9m\u00e1s b\u0151rre.<\/p>\n<\/div>\n<div class=\"video video-fit mb\" style=\"padding-top:56.25%;\"><p><iframe loading=\"lazy\" title=\"Solevernebelung im neuen SOLEUM\" width=\"1020\" height=\"574\" src=\"https:\/\/www.youtube.com\/embed\/Bate0RYkDt4?feature=oembed\" frameborder=\"0\" allow=\"accelerometer; autoplay; clipboard-write; encrypted-media; gyroscope; picture-in-picture; web-share\" allowfullscreen><\/iframe><\/p>\n<\/div>\n\n<h1 class=\"lead\">Bemutat\u00f3 az AQUANALE szakv\u00e1s\u00e1ron K\u00f6lnben, 2019 november\u00e9ben<\/h1>\n<div class=\"fusion-text\">A tengeri kl\u00edmakabint el\u0151sz\u00f6r mutatt\u00e1k be a nemzetk\u00f6zi szakmai k\u00f6z\u00f6ns\u00e9gnek.<\/div>\n<div> <\/div>\n<div class=\"slider-wrapper relative\" id=\"slider-641936245\" >\n    <div class=\"slider slider-nav-circle slider-nav-large slider-nav-light slider-style-normal\"\n        data-flickity-options='{\n            \"cellAlign\": \"center\",\n            \"imagesLoaded\": true,\n            \"lazyLoad\": 1,\n            \"freeScroll\": false,\n            \"wrapAround\": true,\n            \"autoPlay\": 4500,\n            \"pauseAutoPlayOnHover\" : true,\n            \"prevNextButtons\": true,\n            \"contain\" : true,\n            \"adaptiveHeight\" : true,\n            \"dragThreshold\" : 10,\n            \"percentPosition\": true,\n            \"pageDots\": true,\n            \"rightToLeft\": false,\n            \"draggable\": true,\n            \"selectedAttraction\": 0.1,\n            \"parallax\" : 0,\n            \"friction\": 0.6        }'\n        >\n        \n\n\t<div class=\"img has-hover x md-x lg-x y md-y lg-y\" id=\"image_1266465384\">\n\t\t\t\t\t\t\t\t<div class=\"img-inner dark\" >\n\t\t\t<img loading=\"lazy\" decoding=\"async\" width=\"1000\" height=\"750\" src=\"https:\/\/www.soleum.de\/wp-content\/uploads\/2020\/02\/SOLEUM-Meeresklimakabine-Messe-Aquanale-003.jpg\" class=\"attachment-large size-large\" alt=\"\" srcset=\"https:\/\/www.soleum.de\/wp-content\/uploads\/2020\/02\/SOLEUM-Meeresklimakabine-Messe-Aquanale-003.jpg 1000w, https:\/\/www.soleum.de\/wp-content\/uploads\/2020\/02\/SOLEUM-Meeresklimakabine-Messe-Aquanale-003-533x400.jpg 533w, https:\/\/www.soleum.de\/wp-content\/uploads\/2020\/02\/SOLEUM-Meeresklimakabine-Messe-Aquanale-003-768x576.jpg 768w, https:\/\/www.soleum.de\/wp-content\/uploads\/2020\/02\/SOLEUM-Meeresklimakabine-Messe-Aquanale-003-510x383.jpg 510w\" sizes=\"auto, (max-width: 1000px) 100vw, 1000px\" \/>\t\t\t\t\t\t\n\t\t\t\t\t<\/div>\n\t\t\t\t\t\t\t\t\n<style>\n#image_1266465384 {\n  width: 100%;\n}\n<\/style>\n\t<\/div>\n\t\n\n\t<div class=\"img has-hover x md-x lg-x y md-y lg-y\" id=\"image_1581968637\">\n\t\t\t\t\t\t\t\t<div class=\"img-inner dark\" >\n\t\t\t<img loading=\"lazy\" decoding=\"async\" width=\"1000\" height=\"750\" src=\"https:\/\/www.soleum.de\/wp-content\/uploads\/2020\/02\/SOLEUM-Meeresklimakabine-Messe-Aquanale-002.jpg\" class=\"attachment-large size-large\" alt=\"\" srcset=\"https:\/\/www.soleum.de\/wp-content\/uploads\/2020\/02\/SOLEUM-Meeresklimakabine-Messe-Aquanale-002.jpg 1000w, https:\/\/www.soleum.de\/wp-content\/uploads\/2020\/02\/SOLEUM-Meeresklimakabine-Messe-Aquanale-002-533x400.jpg 533w, https:\/\/www.soleum.de\/wp-content\/uploads\/2020\/02\/SOLEUM-Meeresklimakabine-Messe-Aquanale-002-768x576.jpg 768w, https:\/\/www.soleum.de\/wp-content\/uploads\/2020\/02\/SOLEUM-Meeresklimakabine-Messe-Aquanale-002-510x383.jpg 510w\" sizes=\"auto, (max-width: 1000px) 100vw, 1000px\" \/>\t\t\t\t\t\t\n\t\t\t\t\t<\/div>\n\t\t\t\t\t\t\t\t\n<style>\n#image_1581968637 {\n  width: 100%;\n}\n<\/style>\n\t<\/div>\n\t\n\n\n     <\/div>\n\n     <div class=\"loading-spin dark large centered\"><\/div>\n\n\t<\/div>\n\n\n\t<div id=\"gap-778021532\" class=\"gap-element clearfix\" style=\"display:block; height:auto;\">\n\t\t\n<style>\n#gap-778021532 {\n  padding-top: 40px;\n}\n<\/style>\n\t<\/div>\n\t\n\n\t<div id=\"gap-446332319\" class=\"gap-element clearfix\" style=\"display:block; height:auto;\">\n\t\t\n<style>\n#gap-446332319 {\n  padding-top: 40px;\n}\n<\/style>\n\t<\/div>\n\t\n\n<p>Ha \u00e9rdekli ez a term\u00e9k, ak\u00e1r mag\u00e1n-, ak\u00e1r kereskedelmi c\u00e9llal, k\u00e9rj\u00fck, \u00edrjon nek\u00fcnk \u00fczenetet:<\/p>\n[contact-form-7 id=&#8221;6&#8243;]\n","protected":false},"excerpt":{"rendered":"<p>Az Omega tengeri kl\u00edmakabin, Az itt elvonul\u00f3k szabadon v\u00e1laszthatnak a h\u0151m\u00e9rs\u00e9klet-nyugtat\u00f3 sz\u00e1raz s\u00f3inhal\u00e1ci\u00f3, a j\u00f3dozatlan \u00e9s nedves s\u00f3l\u00e9 inhal\u00e1ci\u00f3, a gyullad\u00e1scs\u00f6kkent\u0151 teedarium \u00e9s a teljes g\u0151zf\u00fcrd\u0151 k\u00f6z\u00f6tt.  <\/p>\n","protected":false},"author":1,"featured_media":19272,"comment_status":"open","ping_status":"open","sticky":false,"template":"","format":"standard","meta":{"footnotes":""},"categories":[2497],"tags":[2499,2500,1789,2501,2498,2503],"class_list":["post-22826","post","type-post","status-publish","format-standard","has-post-thumbnail","hentry","category-tengeri-klimakabinok","tag-belegzofuelke","tag-kuelteri-gozfuerdo","tag-sos-gozfuerdo","tag-spa-kiemeles","tag-tengeri-klimakabin","tag-wellness-innovacio"],"_links":{"self":[{"href":"https:\/\/www.soleum.de\/hu\/wp-json\/wp\/v2\/posts\/22826","targetHints":{"allow":["GET"]}}],"collection":[{"href":"https:\/\/www.soleum.de\/hu\/wp-json\/wp\/v2\/posts"}],"about":[{"href":"https:\/\/www.soleum.de\/hu\/wp-json\/wp\/v2\/types\/post"}],"author":[{"embeddable":true,"href":"https:\/\/www.soleum.de\/hu\/wp-json\/wp\/v2\/users\/1"}],"replies":[{"embeddable":true,"href":"https:\/\/www.soleum.de\/hu\/wp-json\/wp\/v2\/comments?post=22826"}],"version-history":[{"count":2,"href":"https:\/\/www.soleum.de\/hu\/wp-json\/wp\/v2\/posts\/22826\/revisions"}],"predecessor-version":[{"id":22861,"href":"https:\/\/www.soleum.de\/hu\/wp-json\/wp\/v2\/posts\/22826\/revisions\/22861"}],"wp:featuredmedia":[{"embeddable":true,"href":"https:\/\/www.soleum.de\/hu\/wp-json\/wp\/v2\/media\/19272"}],"wp:attachment":[{"href":"https:\/\/www.soleum.de\/hu\/wp-json\/wp\/v2\/media?parent=22826"}],"wp:term":[{"taxonomy":"category","embeddable":true,"href":"https:\/\/www.soleum.de\/hu\/wp-json\/wp\/v2\/categories?post=22826"},{"taxonomy":"post_tag","embeddable":true,"href":"https:\/\/www.soleum.de\/hu\/wp-json\/wp\/v2\/tags?post=22826"}],"curies":[{"name":"wp","href":"https:\/\/api.w.org\/{rel}","templated":true}]}}