{"id":2520,"count":2,"description":"","link":"https:\/\/www.soleum.de\/hu\/tag\/sajat-epitesu-gozfuerdo\/","name":"Saj\u00e1t \u00e9p\u00edt\u00e9s\u0171 g\u0151zf\u00fcrd\u0151","slug":"sajat-epitesu-gozfuerdo","taxonomy":"post_tag","meta":[],"_links":{"self":[{"href":"https:\/\/www.soleum.de\/hu\/wp-json\/wp\/v2\/tags\/2520","targetHints":{"allow":["GET"]}}],"collection":[{"href":"https:\/\/www.soleum.de\/hu\/wp-json\/wp\/v2\/tags"}],"about":[{"href":"https:\/\/www.soleum.de\/hu\/wp-json\/wp\/v2\/taxonomies\/post_tag"}],"wp:post_type":[{"href":"https:\/\/www.soleum.de\/hu\/wp-json\/wp\/v2\/posts?tags=2520"}],"curies":[{"name":"wp","href":"https:\/\/api.w.org\/{rel}","templated":true}]}}