{"id":2537,"count":2,"description":"","link":"https:\/\/www.soleum.de\/hu\/tag\/epitse-meg-sajat-gozkabinjat\/","name":"\u00c9p\u00edtse meg saj\u00e1t g\u0151zkabinj\u00e1t","slug":"epitse-meg-sajat-gozkabinjat","taxonomy":"post_tag","meta":[],"_links":{"self":[{"href":"https:\/\/www.soleum.de\/hu\/wp-json\/wp\/v2\/tags\/2537","targetHints":{"allow":["GET"]}}],"collection":[{"href":"https:\/\/www.soleum.de\/hu\/wp-json\/wp\/v2\/tags"}],"about":[{"href":"https:\/\/www.soleum.de\/hu\/wp-json\/wp\/v2\/taxonomies\/post_tag"}],"wp:post_type":[{"href":"https:\/\/www.soleum.de\/hu\/wp-json\/wp\/v2\/posts?tags=2537"}],"curies":[{"name":"wp","href":"https:\/\/api.w.org\/{rel}","templated":true}]}}