{"id":3226,"count":1,"description":"","link":"https:\/\/www.soleum.de\/hu\/tag\/fotel-epiteszek-szamara\/","name":"Fotel \u00e9p\u00edt\u00e9szek sz\u00e1m\u00e1ra","slug":"fotel-epiteszek-szamara","taxonomy":"post_tag","meta":[],"_links":{"self":[{"href":"https:\/\/www.soleum.de\/hu\/wp-json\/wp\/v2\/tags\/3226","targetHints":{"allow":["GET"]}}],"collection":[{"href":"https:\/\/www.soleum.de\/hu\/wp-json\/wp\/v2\/tags"}],"about":[{"href":"https:\/\/www.soleum.de\/hu\/wp-json\/wp\/v2\/taxonomies\/post_tag"}],"wp:post_type":[{"href":"https:\/\/www.soleum.de\/hu\/wp-json\/wp\/v2\/posts?tags=3226"}],"curies":[{"name":"wp","href":"https:\/\/api.w.org\/{rel}","templated":true}]}}