{"id":3276,"count":1,"description":"","link":"https:\/\/www.soleum.de\/hu\/tag\/szaraz-so-belegzes\/","name":"Sz\u00e1raz s\u00f3 bel\u00e9gz\u00e9s","slug":"szaraz-so-belegzes","taxonomy":"post_tag","meta":[],"_links":{"self":[{"href":"https:\/\/www.soleum.de\/hu\/wp-json\/wp\/v2\/tags\/3276","targetHints":{"allow":["GET"]}}],"collection":[{"href":"https:\/\/www.soleum.de\/hu\/wp-json\/wp\/v2\/tags"}],"about":[{"href":"https:\/\/www.soleum.de\/hu\/wp-json\/wp\/v2\/taxonomies\/post_tag"}],"wp:post_type":[{"href":"https:\/\/www.soleum.de\/hu\/wp-json\/wp\/v2\/posts?tags=3276"}],"curies":[{"name":"wp","href":"https:\/\/api.w.org\/{rel}","templated":true}]}}