{"id":22836,"date":"2020-02-14T16:50:52","date_gmt":"2020-02-14T15:50:52","guid":{"rendered":"https:\/\/www.soleum.de\/cabina-climatica-marina-soleum-omega\/"},"modified":"2023-09-22T12:31:23","modified_gmt":"2023-09-22T10:31:23","slug":"cabina-climatica-marina-soleum-omega","status":"publish","type":"post","link":"https:\/\/www.soleum.de\/it\/cabina-climatica-marina-soleum-omega\/","title":{"rendered":"Cabina climatica marina SOLEUM OMEGA"},"content":{"rendered":"\n<h3 data-fontsize=\"36\" data-lineheight=\"45\">Cabina climatica marina OMEGA<\/h3>\n<h3 class=\"thin-font\">SOLEUM SPA per uso interno ed esterno<\/h3>\n<div class=\"fusion-text\">\n<p>La <a href=\"https:\/\/soleum.com\/treatment\/meeresklimakabine-omega\/\">cabina climatica marina OMEGA<\/a> \u00e8 rotonda, futuristica ed elegante. Questa cabina per trattamenti e benessere \u00e8 stata progettata per uso privato e commerciale. La <strong>speciale forma rotonda<\/strong> e i metodi di trattamento come l&#8217;<strong>inalazione di salamoia in combinazione con la luce colorata<\/strong> fanno di questo prodotto un&#8217;attrazione <strong>impressionante per<\/strong> la vostra sede.<\/p>\n<\/div>\n<div class=\"slider-wrapper relative\" id=\"slider-749681993\" >\n    <div class=\"slider slider-nav-circle slider-nav-large slider-nav-light slider-style-normal\"\n        data-flickity-options='{\n            \"cellAlign\": \"center\",\n            \"imagesLoaded\": true,\n            \"lazyLoad\": 1,\n            \"freeScroll\": false,\n            \"wrapAround\": true,\n            \"autoPlay\": 6000,\n            \"pauseAutoPlayOnHover\" : true,\n            \"prevNextButtons\": true,\n            \"contain\" : true,\n            \"adaptiveHeight\" : true,\n            \"dragThreshold\" : 10,\n            \"percentPosition\": true,\n            \"pageDots\": true,\n            \"rightToLeft\": false,\n            \"draggable\": true,\n            \"selectedAttraction\": 0.1,\n            \"parallax\" : 0,\n            \"friction\": 0.6        }'\n        >\n        \n\n\t<div class=\"img has-hover x md-x lg-x y md-y lg-y\" id=\"image_2127362075\">\n\t\t\t\t\t\t\t\t<div class=\"img-inner dark\" >\n\t\t\t<img loading=\"lazy\" decoding=\"async\" width=\"697\" height=\"464\" src=\"https:\/\/www.soleum.de\/wp-content\/uploads\/2020\/02\/Soleum-OMEGA.jpg\" class=\"attachment-large size-large\" alt=\"\" srcset=\"https:\/\/www.soleum.de\/wp-content\/uploads\/2020\/02\/Soleum-OMEGA.jpg 697w, https:\/\/www.soleum.de\/wp-content\/uploads\/2020\/02\/Soleum-OMEGA-601x400.jpg 601w, https:\/\/www.soleum.de\/wp-content\/uploads\/2020\/02\/Soleum-OMEGA-510x340.jpg 510w\" sizes=\"auto, (max-width: 697px) 100vw, 697px\" \/>\t\t\t\t\t\t\n\t\t\t\t\t<\/div>\n\t\t\t\t\t\t\t\t\n<style>\n#image_2127362075 {\n  width: 100%;\n}\n<\/style>\n\t<\/div>\n\t\n\n\t<div class=\"img has-hover x md-x lg-x y md-y lg-y\" id=\"image_1971079386\">\n\t\t\t\t\t\t\t\t<div class=\"img-inner dark\" >\n\t\t\t<img loading=\"lazy\" decoding=\"async\" width=\"697\" height=\"383\" src=\"https:\/\/www.soleum.de\/wp-content\/uploads\/2020\/02\/Meeresklimakabine-Soleum-SPA-3.jpg\" class=\"attachment-large size-large\" alt=\"\" srcset=\"https:\/\/www.soleum.de\/wp-content\/uploads\/2020\/02\/Meeresklimakabine-Soleum-SPA-3.jpg 697w, https:\/\/www.soleum.de\/wp-content\/uploads\/2020\/02\/Meeresklimakabine-Soleum-SPA-3-510x280.jpg 510w\" sizes=\"auto, (max-width: 697px) 100vw, 697px\" \/>\t\t\t\t\t\t\n\t\t\t\t\t<\/div>\n\t\t\t\t\t\t\t\t\n<style>\n#image_1971079386 {\n  width: 100%;\n}\n<\/style>\n\t<\/div>\n\t\n\n\t<div class=\"img has-hover x md-x lg-x y md-y lg-y\" id=\"image_193253890\">\n\t\t\t\t\t\t\t\t<div class=\"img-inner dark\" >\n\t\t\t<img loading=\"lazy\" decoding=\"async\" width=\"697\" height=\"383\" src=\"https:\/\/www.soleum.de\/wp-content\/uploads\/2020\/02\/Meeresklimakabine-Soleum-SPA-9.jpg\" class=\"attachment-large size-large\" alt=\"\" srcset=\"https:\/\/www.soleum.de\/wp-content\/uploads\/2020\/02\/Meeresklimakabine-Soleum-SPA-9.jpg 697w, https:\/\/www.soleum.de\/wp-content\/uploads\/2020\/02\/Meeresklimakabine-Soleum-SPA-9-510x280.jpg 510w\" sizes=\"auto, (max-width: 697px) 100vw, 697px\" \/>\t\t\t\t\t\t\n\t\t\t\t\t<\/div>\n\t\t\t\t\t\t\t\t\n<style>\n#image_193253890 {\n  width: 100%;\n}\n<\/style>\n\t<\/div>\n\t\n\n\t<div class=\"img has-hover x md-x lg-x y md-y lg-y\" id=\"image_1874890696\">\n\t\t\t\t\t\t\t\t<div class=\"img-inner dark\" >\n\t\t\t<img loading=\"lazy\" decoding=\"async\" width=\"697\" height=\"383\" src=\"https:\/\/www.soleum.de\/wp-content\/uploads\/2020\/02\/Meeresklimakabine-Soleum-SPA-10.jpg\" class=\"attachment-large size-large\" alt=\"\" srcset=\"https:\/\/www.soleum.de\/wp-content\/uploads\/2020\/02\/Meeresklimakabine-Soleum-SPA-10.jpg 697w, https:\/\/www.soleum.de\/wp-content\/uploads\/2020\/02\/Meeresklimakabine-Soleum-SPA-10-510x280.jpg 510w\" sizes=\"auto, (max-width: 697px) 100vw, 697px\" \/>\t\t\t\t\t\t\n\t\t\t\t\t<\/div>\n\t\t\t\t\t\t\t\t\n<style>\n#image_1874890696 {\n  width: 100%;\n}\n<\/style>\n\t<\/div>\n\t\n\n\t<div class=\"img has-hover x md-x lg-x y md-y lg-y\" id=\"image_1681689644\">\n\t\t\t\t\t\t\t\t<div class=\"img-inner dark\" >\n\t\t\t<img loading=\"lazy\" decoding=\"async\" width=\"697\" height=\"383\" src=\"https:\/\/www.soleum.de\/wp-content\/uploads\/2020\/02\/Meeresklimakabine-Soleum-SPA-7.jpg\" class=\"attachment-large size-large\" alt=\"\" srcset=\"https:\/\/www.soleum.de\/wp-content\/uploads\/2020\/02\/Meeresklimakabine-Soleum-SPA-7.jpg 697w, https:\/\/www.soleum.de\/wp-content\/uploads\/2020\/02\/Meeresklimakabine-Soleum-SPA-7-510x280.jpg 510w\" sizes=\"auto, (max-width: 697px) 100vw, 697px\" \/>\t\t\t\t\t\t\n\t\t\t\t\t<\/div>\n\t\t\t\t\t\t\t\t\n<style>\n#image_1681689644 {\n  width: 100%;\n}\n<\/style>\n\t<\/div>\n\t\n\n\t<div class=\"img has-hover x md-x lg-x y md-y lg-y\" id=\"image_1137514818\">\n\t\t\t\t\t\t\t\t<div class=\"img-inner dark\" >\n\t\t\t<img loading=\"lazy\" decoding=\"async\" width=\"697\" height=\"383\" src=\"https:\/\/www.soleum.de\/wp-content\/uploads\/2020\/02\/Meeresklimakabine-Soleum-SPA-12.jpg\" class=\"attachment-large size-large\" alt=\"\" srcset=\"https:\/\/www.soleum.de\/wp-content\/uploads\/2020\/02\/Meeresklimakabine-Soleum-SPA-12.jpg 697w, https:\/\/www.soleum.de\/wp-content\/uploads\/2020\/02\/Meeresklimakabine-Soleum-SPA-12-510x280.jpg 510w\" sizes=\"auto, (max-width: 697px) 100vw, 697px\" \/>\t\t\t\t\t\t\n\t\t\t\t\t<\/div>\n\t\t\t\t\t\t\t\t\n<style>\n#image_1137514818 {\n  width: 100%;\n}\n<\/style>\n\t<\/div>\n\t\n\n\t<div class=\"img has-hover x md-x lg-x y md-y lg-y\" id=\"image_72394711\">\n\t\t\t\t\t\t\t\t<div class=\"img-inner dark\" >\n\t\t\t<img loading=\"lazy\" decoding=\"async\" width=\"697\" height=\"383\" src=\"https:\/\/www.soleum.de\/wp-content\/uploads\/2020\/02\/Meeresklimakabine-Soleum-SPA-2.jpg\" class=\"attachment-large size-large\" alt=\"\" srcset=\"https:\/\/www.soleum.de\/wp-content\/uploads\/2020\/02\/Meeresklimakabine-Soleum-SPA-2.jpg 697w, https:\/\/www.soleum.de\/wp-content\/uploads\/2020\/02\/Meeresklimakabine-Soleum-SPA-2-510x280.jpg 510w\" sizes=\"auto, (max-width: 697px) 100vw, 697px\" \/>\t\t\t\t\t\t\n\t\t\t\t\t<\/div>\n\t\t\t\t\t\t\t\t\n<style>\n#image_72394711 {\n  width: 100%;\n}\n<\/style>\n\t<\/div>\n\t\n\n\t<div class=\"img has-hover x md-x lg-x y md-y lg-y\" id=\"image_1064588992\">\n\t\t\t\t\t\t\t\t<div class=\"img-inner dark\" >\n\t\t\t<img loading=\"lazy\" decoding=\"async\" width=\"697\" height=\"383\" src=\"https:\/\/www.soleum.de\/wp-content\/uploads\/2020\/02\/Meeresklimakabine-Soleum-SPA-5.jpg\" class=\"attachment-large size-large\" alt=\"\" srcset=\"https:\/\/www.soleum.de\/wp-content\/uploads\/2020\/02\/Meeresklimakabine-Soleum-SPA-5.jpg 697w, https:\/\/www.soleum.de\/wp-content\/uploads\/2020\/02\/Meeresklimakabine-Soleum-SPA-5-510x280.jpg 510w\" sizes=\"auto, (max-width: 697px) 100vw, 697px\" \/>\t\t\t\t\t\t\n\t\t\t\t\t<\/div>\n\t\t\t\t\t\t\t\t\n<style>\n#image_1064588992 {\n  width: 100%;\n}\n<\/style>\n\t<\/div>\n\t\n\n\n     <\/div>\n\n     <div class=\"loading-spin dark large centered\"><\/div>\n\n\t<\/div>\n\n\n<p><strong>La cabina con clima marino \u00e8 il nuovo punto di forza della SPA di tendenza:<br\/><\/strong><\/p>\n<ul>\n<li>Hotel<\/li>\n<li>Hotel della salute<\/li>\n<li>Bagni termali<\/li>\n<li>Attivit\u00e0 terapeutiche<\/li>\n<li>Villaggi turistici<\/li>\n<li>Imprese municipali (ad es. piscine pubbliche)<\/li>\n<li>Ville SPA<\/li>\n<li>Day SPA, studi di fitness<\/li>\n<li>Aree piscina<\/li>\n<\/ul>\n\t<div id=\"gap-845740706\" class=\"gap-element clearfix\" style=\"display:block; height:auto;\">\n\t\t\n<style>\n#gap-845740706 {\n  padding-top: 40px;\n}\n<\/style>\n\t<\/div>\n\t\n\n<p class=\"lead\">Vedere l&#8217;applicazione della cabina qui:<\/p>\n<div class=\"video video-fit mb\" style=\"padding-top:56.25%;\"><iframe loading=\"lazy\" title=\"Soleum Health SPA Meeresklimakabine\" width=\"1020\" height=\"574\" src=\"https:\/\/www.youtube.com\/embed\/UBSodZTZ3bc?feature=oembed\" frameborder=\"0\" allow=\"accelerometer; autoplay; clipboard-write; encrypted-media; gyroscope; picture-in-picture; web-share\" allowfullscreen><\/iframe><\/div>\n\n\t<div id=\"gap-1215302334\" class=\"gap-element clearfix\" style=\"display:block; height:auto;\">\n\t\t\n<style>\n#gap-1215302334 {\n  padding-top: 40px;\n}\n<\/style>\n\t<\/div>\n\t\n\n<h1 class=\"lead\">Applicazioni:<\/h1>\n<ul>\n<li>inalazioni salutari di sale<a href=\"https:\/\/soleum.com\/treatment\/feuchte-soleinhalation-thalassotherapie\/\">(nebbia salina umida<\/a>)<\/li>\n<li><a href=\"https:\/\/soleum.com\/treatment\/tee-inhalieren-im-teedarium\/\">TEEDARIUM\u00ae<\/a>: varie inalazioni di t\u00e8 (camomilla, menta piperita, timo, salvia)<\/li>\n<li>Cabina termica<a href=\"https:\/\/soleum.com\/treatment\/infrarot-strahlungswaerme\/\">(<\/a>calore<a href=\"https:\/\/soleum.com\/treatment\/infrarot-strahlungswaerme\/\">radiante a infrarossi<\/a>)<\/li>\n<li><a href=\"https:\/\/soleum.com\/treatment\/farblichtstimmung\/\">Luce colorata<\/a><\/li>\n<li>Sistema audio<\/li>\n<li><a href=\"https:\/\/soleum.com\/treatment\/smart-control\/\">Smart Control<\/a>: controllo tramite smartphone\/WEB<\/li>\n<li>\u00c8 possibile che si formino alghe o fango in cabina<\/li>\n<li>\u00c8 possibile frizionare con il sale durante la sessione di benessere<\/li>\n<\/ul>\n<p> <\/p>\n<ul>\n<li>OPZIONE <a href=\"https:\/\/soleum.com\/treatment\/dampfbad\/\">Funzionamento a vapore<\/a> (l&#8217;ingresso dell&#8217;acqua deve essere protetto dal gelo per l&#8217;installazione all&#8217;esterno)<\/li>\n<li>OPZIONE <a href=\"https:\/\/soleum.com\/treatment\/trockensalzinhalation-halotherapie\/\">Inalazione di sale secco (haloterapia)<\/a><\/li>\n<li>\n<p>OPZIONE Infusione di profumo tramite vapore (in collegamento con il generatore di vapore)<\/p>\n<\/li>\n<li>\n<p>OPZIONE (per clienti privati) : Dotazione doccia<\/p>\n<\/li>\n<\/ul>\n\t<div id=\"gap-1054164583\" class=\"gap-element clearfix\" style=\"display:block; height:auto;\">\n\t\t\n<style>\n#gap-1054164583 {\n  padding-top: 40px;\n}\n<\/style>\n\t<\/div>\n\t\n\n<p class=\"lead\">Dimensioni:<\/p>\n\t<div class=\"img has-hover x md-x lg-x y md-y lg-y\" id=\"image_1604163620\">\n\t\t\t\t\t\t\t\t<div class=\"img-inner dark\" >\n\t\t\t<img loading=\"lazy\" decoding=\"async\" width=\"1000\" height=\"707\" src=\"https:\/\/www.soleum.de\/wp-content\/uploads\/2020\/02\/Technische-Zeichnung-OMEGA.jpg\" class=\"attachment-large size-large\" alt=\"\" srcset=\"https:\/\/www.soleum.de\/wp-content\/uploads\/2020\/02\/Technische-Zeichnung-OMEGA.jpg 1000w, https:\/\/www.soleum.de\/wp-content\/uploads\/2020\/02\/Technische-Zeichnung-OMEGA-566x400.jpg 566w, https:\/\/www.soleum.de\/wp-content\/uploads\/2020\/02\/Technische-Zeichnung-OMEGA-768x543.jpg 768w, https:\/\/www.soleum.de\/wp-content\/uploads\/2020\/02\/Technische-Zeichnung-OMEGA-510x361.jpg 510w\" sizes=\"auto, (max-width: 1000px) 100vw, 1000px\" \/>\t\t\t\t\t\t\n\t\t\t\t\t<\/div>\n\t\t\t\t\t\t\t\t\n<style>\n#image_1604163620 {\n  width: 100%;\n}\n<\/style>\n\t<\/div>\n\t\n\n\t<div id=\"gap-43644879\" class=\"gap-element clearfix\" style=\"display:block; height:auto;\">\n\t\t\n<style>\n#gap-43644879 {\n  padding-top: 40px;\n}\n<\/style>\n\t<\/div>\n\t\n\n<h1 class=\"lead\">Inalazione di sale secco:<\/h1>\n<div class=\"fusion-text\">\n<p>In forma secca, il sale ha il pi\u00f9 forte effetto curativo sugli organi respiratori e sulla pelle. Le particelle di sale microscopicamente fini vengono soffiate nel SOLEUM\u00ae con una tecnica brevettata.<\/p>\n<p>L&#8217;inalazione del sale secco stimola il potere autopulente delle mucose. L&#8217;effetto \u00e8 antinfiammatorio, germicida, decongestionante e rilassa la muscolatura liscia delle vie respiratorie. La ventilazione e la respirazione sono migliorate. Anche l&#8217;intera superficie cutanea beneficia della terapia con i sali fini, riducendo in modo significativo le infiammazioni e il prurito della pelle.<\/p>\n<\/div>\n<div class=\"video video-fit mb\" style=\"padding-top:56.25%;\"><p><iframe loading=\"lazy\" title=\"Trockensalznebel\" width=\"1020\" height=\"574\" src=\"https:\/\/www.youtube.com\/embed\/PX9ObRaBUaQ?feature=oembed\" frameborder=\"0\" allow=\"accelerometer; autoplay; clipboard-write; encrypted-media; gyroscope; picture-in-picture; web-share\" allowfullscreen><\/iframe><\/p>\n<\/div>\n\n\t<div id=\"gap-2012532908\" class=\"gap-element clearfix\" style=\"display:block; height:auto;\">\n\t\t\n<style>\n#gap-2012532908 {\n  padding-top: 40px;\n}\n<\/style>\n\t<\/div>\n\t\n\n<h1 class=\"lead\">SOLENE UMIDO INALAZIONE E TEA INALAZIONE<\/h1>\n<div class=\"fusion-text\">\n<p>La salamoia diluita e <strong>non iodata<\/strong>, finemente atomizzata, viene spruzzata nel Soleum\u00ae. Chiamiamo quest&#8217;aria di mare &#8211; talassoterapia &#8211; e per la talassoterapia &#8220;vera&#8221; ci sono regole ben definite. Nonostante il nome, per\u00f2, la talassoterapia non \u00e8 una &#8220;terapia&#8221; in senso medico, perch\u00e9 fa parte del settore del benessere ed \u00e8 destinata a supportare le terapie mediche. La talassoterapia nell&#8217;area benessere \u00e8 solo per il relax.<\/p>\n<p>L&#8217;inalazione di salamoia umida non fa bene solo alla respirazione, ma anche a tutta la pelle. Il sale sulla pelle aumenta la traspirazione, purifica, pulisce, nutre e ha un effetto estremamente positivo sulla pelle problematica.<\/p>\n<\/div>\n<div class=\"video video-fit mb\" style=\"padding-top:56.25%;\"><p><iframe loading=\"lazy\" title=\"Solevernebelung im neuen SOLEUM\" width=\"1020\" height=\"574\" src=\"https:\/\/www.youtube.com\/embed\/Bate0RYkDt4?feature=oembed\" frameborder=\"0\" allow=\"accelerometer; autoplay; clipboard-write; encrypted-media; gyroscope; picture-in-picture; web-share\" allowfullscreen><\/iframe><\/p>\n<\/div>\n\n<h1 class=\"lead\">Presentazione alla fiera AQUANALE di Colonia, novembre 2019<\/h1>\n<div class=\"fusion-text\">La cabina climatica marina \u00e8 stata presentata per la prima volta a un pubblico internazionale.<\/div>\n<div> <\/div>\n<div class=\"slider-wrapper relative\" id=\"slider-758564718\" >\n    <div class=\"slider slider-nav-circle slider-nav-large slider-nav-light slider-style-normal\"\n        data-flickity-options='{\n            \"cellAlign\": \"center\",\n            \"imagesLoaded\": true,\n            \"lazyLoad\": 1,\n            \"freeScroll\": false,\n            \"wrapAround\": true,\n            \"autoPlay\": 4500,\n            \"pauseAutoPlayOnHover\" : true,\n            \"prevNextButtons\": true,\n            \"contain\" : true,\n            \"adaptiveHeight\" : true,\n            \"dragThreshold\" : 10,\n            \"percentPosition\": true,\n            \"pageDots\": true,\n            \"rightToLeft\": false,\n            \"draggable\": true,\n            \"selectedAttraction\": 0.1,\n            \"parallax\" : 0,\n            \"friction\": 0.6        }'\n        >\n        \n\n\t<div class=\"img has-hover x md-x lg-x y md-y lg-y\" id=\"image_549220122\">\n\t\t\t\t\t\t\t\t<div class=\"img-inner dark\" >\n\t\t\t<img loading=\"lazy\" decoding=\"async\" width=\"1000\" height=\"750\" src=\"https:\/\/www.soleum.de\/wp-content\/uploads\/2020\/02\/SOLEUM-Meeresklimakabine-Messe-Aquanale-003.jpg\" class=\"attachment-large size-large\" alt=\"\" srcset=\"https:\/\/www.soleum.de\/wp-content\/uploads\/2020\/02\/SOLEUM-Meeresklimakabine-Messe-Aquanale-003.jpg 1000w, https:\/\/www.soleum.de\/wp-content\/uploads\/2020\/02\/SOLEUM-Meeresklimakabine-Messe-Aquanale-003-533x400.jpg 533w, https:\/\/www.soleum.de\/wp-content\/uploads\/2020\/02\/SOLEUM-Meeresklimakabine-Messe-Aquanale-003-768x576.jpg 768w, https:\/\/www.soleum.de\/wp-content\/uploads\/2020\/02\/SOLEUM-Meeresklimakabine-Messe-Aquanale-003-510x383.jpg 510w\" sizes=\"auto, (max-width: 1000px) 100vw, 1000px\" \/>\t\t\t\t\t\t\n\t\t\t\t\t<\/div>\n\t\t\t\t\t\t\t\t\n<style>\n#image_549220122 {\n  width: 100%;\n}\n<\/style>\n\t<\/div>\n\t\n\n\t<div class=\"img has-hover x md-x lg-x y md-y lg-y\" id=\"image_2010181177\">\n\t\t\t\t\t\t\t\t<div class=\"img-inner dark\" >\n\t\t\t<img loading=\"lazy\" decoding=\"async\" width=\"1000\" height=\"750\" src=\"https:\/\/www.soleum.de\/wp-content\/uploads\/2020\/02\/SOLEUM-Meeresklimakabine-Messe-Aquanale-002.jpg\" class=\"attachment-large size-large\" alt=\"\" srcset=\"https:\/\/www.soleum.de\/wp-content\/uploads\/2020\/02\/SOLEUM-Meeresklimakabine-Messe-Aquanale-002.jpg 1000w, https:\/\/www.soleum.de\/wp-content\/uploads\/2020\/02\/SOLEUM-Meeresklimakabine-Messe-Aquanale-002-533x400.jpg 533w, https:\/\/www.soleum.de\/wp-content\/uploads\/2020\/02\/SOLEUM-Meeresklimakabine-Messe-Aquanale-002-768x576.jpg 768w, https:\/\/www.soleum.de\/wp-content\/uploads\/2020\/02\/SOLEUM-Meeresklimakabine-Messe-Aquanale-002-510x383.jpg 510w\" sizes=\"auto, (max-width: 1000px) 100vw, 1000px\" \/>\t\t\t\t\t\t\n\t\t\t\t\t<\/div>\n\t\t\t\t\t\t\t\t\n<style>\n#image_2010181177 {\n  width: 100%;\n}\n<\/style>\n\t<\/div>\n\t\n\n\n     <\/div>\n\n     <div class=\"loading-spin dark large centered\"><\/div>\n\n\t<\/div>\n\n\n\t<div id=\"gap-633399350\" class=\"gap-element clearfix\" style=\"display:block; height:auto;\">\n\t\t\n<style>\n#gap-633399350 {\n  padding-top: 40px;\n}\n<\/style>\n\t<\/div>\n\t\n\n\t<div id=\"gap-1755591039\" class=\"gap-element clearfix\" style=\"display:block; height:auto;\">\n\t\t\n<style>\n#gap-1755591039 {\n  padding-top: 40px;\n}\n<\/style>\n\t<\/div>\n\t\n\n<p>Se siete interessati a questo prodotto, sia a livello privato che commerciale, scriveteci un messaggio:<\/p>\n[contact-form-7 id=&#8221;6&#8243;]\n","protected":false},"excerpt":{"rendered":"<p>La cabina climatica marina Omega, Chi si ritira qui pu\u00f2 scegliere liberamente tra l&#8217;inalazione di sale secco termorilassante, l&#8217;inalazione di salamoia non iodata e umida, il teedarium antinfiammatorio e il bagno di vapore completo.  <\/p>\n","protected":false},"author":1,"featured_media":19273,"comment_status":"open","ping_status":"open","sticky":false,"template":"","format":"standard","meta":{"footnotes":""},"categories":[2538],"tags":[2544,1818,2540,2542,2546,2548],"class_list":["post-22836","post","type-post","status-publish","format-standard","has-post-thumbnail","hentry","category-cabine-climatiche-marine","tag-bagno-di-vapore-allaperto","tag-bagno-di-vapore-in-salamoia","tag-cabina-climatica-marina","tag-cabina-di-inalazione","tag-in-evidenza-la-spa","tag-innovazione-del-benessere"],"_links":{"self":[{"href":"https:\/\/www.soleum.de\/it\/wp-json\/wp\/v2\/posts\/22836","targetHints":{"allow":["GET"]}}],"collection":[{"href":"https:\/\/www.soleum.de\/it\/wp-json\/wp\/v2\/posts"}],"about":[{"href":"https:\/\/www.soleum.de\/it\/wp-json\/wp\/v2\/types\/post"}],"author":[{"embeddable":true,"href":"https:\/\/www.soleum.de\/it\/wp-json\/wp\/v2\/users\/1"}],"replies":[{"embeddable":true,"href":"https:\/\/www.soleum.de\/it\/wp-json\/wp\/v2\/comments?post=22836"}],"version-history":[{"count":2,"href":"https:\/\/www.soleum.de\/it\/wp-json\/wp\/v2\/posts\/22836\/revisions"}],"predecessor-version":[{"id":22862,"href":"https:\/\/www.soleum.de\/it\/wp-json\/wp\/v2\/posts\/22836\/revisions\/22862"}],"wp:featuredmedia":[{"embeddable":true,"href":"https:\/\/www.soleum.de\/it\/wp-json\/wp\/v2\/media\/19273"}],"wp:attachment":[{"href":"https:\/\/www.soleum.de\/it\/wp-json\/wp\/v2\/media?parent=22836"}],"wp:term":[{"taxonomy":"category","embeddable":true,"href":"https:\/\/www.soleum.de\/it\/wp-json\/wp\/v2\/categories?post=22836"},{"taxonomy":"post_tag","embeddable":true,"href":"https:\/\/www.soleum.de\/it\/wp-json\/wp\/v2\/tags?post=22836"}],"curies":[{"name":"wp","href":"https:\/\/api.w.org\/{rel}","templated":true}]}}