{"id":22917,"date":"2021-11-21T07:55:27","date_gmt":"2021-11-21T06:55:27","guid":{"rendered":"https:\/\/www.soleum.de\/ristrutturare-un-vecchio-bagno\/"},"modified":"2023-09-22T12:31:50","modified_gmt":"2023-09-22T10:31:50","slug":"ristrutturare-un-vecchio-bagno","status":"publish","type":"post","link":"https:\/\/www.soleum.de\/it\/ristrutturare-un-vecchio-bagno\/","title":{"rendered":"Ristrutturare un vecchio bagno"},"content":{"rendered":"\n<div class=\"container section-title-container\" ><h3 class=\"section-title section-title-normal\"><b aria-hidden=\"true\"><\/b><span class=\"section-title-main\" >Rinnovare un vecchio bagno: \u00e8 cos\u00ec facile!<\/span><b aria-hidden=\"true\"><\/b><\/h3><\/div>\n\n<div class=\"fusion-text\">\n<h1 data-fontsize=\"26\" data-lineheight=\"36\">Fai da te: trasformare il vecchio in nuovo &#8211; rinnovare un vecchio bagno<\/h1>\n<\/div>\n<p>Questo bagno un po&#8217; datato \u00e8 stato ristrutturato da zero. La ristrutturazione del bagno viene rimandata per molto tempo, ma il risultato \u00e8 convincente e si pu\u00f2 tornare a godere dell&#8217;igiene quotidiana.<\/p>\n<p><strong>Una stanza luminosa con una doccia a vapore Soleum dove iniziare la giornata con la doccia mattutina.&nbsp;<\/strong><\/p>\n<div class=\"text-center\"><div class=\"is-divider divider clearfix\" style=\"max-width:800px;background-color:rgb(2, 0, 104);\"><\/div><\/div>\n\n<div class=\"row\"  id=\"row-1552731734\">\n\n\n\t<div id=\"col-967100593\" class=\"col medium-6 small-12 large-6\"  >\n\t\t\t\t<div class=\"col-inner\"  >\n\t\t\t\n\t\t\t\n\n\t<div class=\"img has-hover x md-x lg-x y md-y lg-y\" id=\"image_1938727240\">\n\t\t\t\t\t\t\t\t<div class=\"img-inner dark\" >\n\t\t\t<img loading=\"lazy\" decoding=\"async\" width=\"450\" height=\"600\" src=\"https:\/\/www.soleum.de\/wp-content\/uploads\/2021\/11\/Altes-Bad-renovieren-vorher.jpg\" class=\"attachment-large size-large\" alt=\"\" srcset=\"https:\/\/www.soleum.de\/wp-content\/uploads\/2021\/11\/Altes-Bad-renovieren-vorher.jpg 450w, https:\/\/www.soleum.de\/wp-content\/uploads\/2021\/11\/Altes-Bad-renovieren-vorher-300x400.jpg 300w\" sizes=\"auto, (max-width: 450px) 100vw, 450px\" \/>\t\t\t\t\t\t\n\t\t\t\t\t<\/div>\n\t\t\t\t\t\t\t\t\n<style>\n#image_1938727240 {\n  width: 100%;\n}\n<\/style>\n\t<\/div>\n\t\n\n\n\t\t<\/div>\n\t\t\t\t\t<\/div>\n\n\t\n\n\t<div id=\"col-2083470198\" class=\"col medium-6 small-12 large-6\"  >\n\t\t\t\t<div class=\"col-inner\"  >\n\t\t\t\n\t\t\t\n\n<p>Chi non lo sa? In passato, il classico bagno piccolo era dotato di vasca, doccia ad angolo con porta scorrevole e lavabo.<\/p>\n<p>In linea di principio, \u00e8 possibile farlo anche oggi, ma il linguaggio del design \u00e8 cambiato in modo significativo. Anche i materiali utilizzati.<\/p>\n<p>Nel corso del tempo, ci si rende conto che si usa raramente o mai la vasca da bagno: un vero peccato per questo spazio!<\/p>\n\n\t\t<\/div>\n\t\t\t\t\t<\/div>\n\n\t\n\n<\/div>\n<p>L&#8217;intero spazio posteriore \u00e8 stato trasformato in un <strong>bagno di vapore con inalazione di salamoia<\/strong>.<\/p>\n<p>Spaziose docce benessere che offrono anche comfort &#8211; come dimostra, ad esempio, il tepidarium completamente riscaldato (pareti e panca sono riscaldate), la funzione vapore, l&#8217;inalazione di salamoia, la musica di rilassamento e la spaziosa area doccia senza barriere vi invitano a rilassarvi.  <\/p>\n<div class=\"row\"  id=\"row-653856990\">\n\n\n\t<div id=\"col-205861672\" class=\"col medium-6 small-12 large-6\"  >\n\t\t\t\t<div class=\"col-inner\"  >\n\t\t\t\n\t\t\t\n\n\t<div class=\"img has-hover x md-x lg-x y md-y lg-y\" id=\"image_1658318949\">\n\t\t\t\t\t\t\t\t<div class=\"img-inner dark\" >\n\t\t\t<img loading=\"lazy\" decoding=\"async\" width=\"450\" height=\"600\" src=\"https:\/\/www.soleum.de\/wp-content\/uploads\/2021\/11\/Altes-Bad-renovieren-4.jpg\" class=\"attachment-large size-large\" alt=\"\" srcset=\"https:\/\/www.soleum.de\/wp-content\/uploads\/2021\/11\/Altes-Bad-renovieren-4.jpg 450w, https:\/\/www.soleum.de\/wp-content\/uploads\/2021\/11\/Altes-Bad-renovieren-4-300x400.jpg 300w\" sizes=\"auto, (max-width: 450px) 100vw, 450px\" \/>\t\t\t\t\t\t\n\t\t\t\t\t<\/div>\n\t\t\t\t\t\t\t\t\n<style>\n#image_1658318949 {\n  width: 100%;\n}\n<\/style>\n\t<\/div>\n\t\n\n\n\t\t<\/div>\n\t\t\t\t\t<\/div>\n\n\t\n\n\t<div id=\"col-1558295783\" class=\"col medium-6 small-12 large-6\"  >\n\t\t\t\t<div class=\"col-inner\"  >\n\t\t\t\n\t\t\t\n\n\t<div class=\"img has-hover x md-x lg-x y md-y lg-y\" id=\"image_793858951\">\n\t\t\t\t\t\t\t\t<div class=\"img-inner dark\" >\n\t\t\t<img loading=\"lazy\" decoding=\"async\" width=\"450\" height=\"600\" src=\"https:\/\/www.soleum.de\/wp-content\/uploads\/2021\/11\/Altes-Bad-renovieren-2.jpg\" class=\"attachment-large size-large\" alt=\"\" srcset=\"https:\/\/www.soleum.de\/wp-content\/uploads\/2021\/11\/Altes-Bad-renovieren-2.jpg 450w, https:\/\/www.soleum.de\/wp-content\/uploads\/2021\/11\/Altes-Bad-renovieren-2-300x400.jpg 300w\" sizes=\"auto, (max-width: 450px) 100vw, 450px\" \/>\t\t\t\t\t\t\n\t\t\t\t\t<\/div>\n\t\t\t\t\t\t\t\t\n<style>\n#image_793858951 {\n  width: 100%;\n}\n<\/style>\n\t<\/div>\n\t\n\n\n\t\t<\/div>\n\t\t\t\t\t<\/div>\n\n\t\n\n<\/div>\n<p>\u00c8 possibile godere di un piacevole calore radiante sulle piastrelle grazie al sedile riscaldato elettricamente<strong>(panca termica<\/strong>). Naturalmente, \u00e8 possibile regolare la temperatura della superficie in base alle proprie esigenze.<\/p>\n<p>Ma anche le restanti superfici delle pareti sono riscaldate e irradiano un piacevole calore. Qui \u00e8 possibile raggiungere una temperatura di circa 37\u00b0C -38\u00b0C nella doccia (a seconda dell&#8217;impostazione!).<\/p>\n<div class=\"row\"  id=\"row-747952404\">\n\n\n\t<div id=\"col-867576465\" class=\"col medium-6 small-12 large-6\"  >\n\t\t\t\t<div class=\"col-inner\"  >\n\t\t\t\n\t\t\t\n\n\t<div class=\"img has-hover x md-x lg-x y md-y lg-y\" id=\"image_1855470000\">\n\t\t\t\t\t\t\t\t<div class=\"img-inner dark\" >\n\t\t\t<img loading=\"lazy\" decoding=\"async\" width=\"450\" height=\"600\" src=\"https:\/\/www.soleum.de\/wp-content\/uploads\/2021\/11\/Altes-Bad-renovieren-6.jpg\" class=\"attachment-large size-large\" alt=\"\" srcset=\"https:\/\/www.soleum.de\/wp-content\/uploads\/2021\/11\/Altes-Bad-renovieren-6.jpg 450w, https:\/\/www.soleum.de\/wp-content\/uploads\/2021\/11\/Altes-Bad-renovieren-6-300x400.jpg 300w\" sizes=\"auto, (max-width: 450px) 100vw, 450px\" \/>\t\t\t\t\t\t\n\t\t\t\t\t<\/div>\n\t\t\t\t\t\t\t\t\n<style>\n#image_1855470000 {\n  width: 100%;\n}\n<\/style>\n\t<\/div>\n\t\n\n\n\t\t<\/div>\n\t\t\t\t\t<\/div>\n\n\t\n\n\t<div id=\"col-1596118674\" class=\"col medium-6 small-12 large-6\"  >\n\t\t\t\t<div class=\"col-inner\"  >\n\t\t\t\n\t\t\t\n\n\t<div class=\"img has-hover x md-x lg-x y md-y lg-y\" id=\"image_363848826\">\n\t\t\t\t\t\t\t\t<div class=\"img-inner dark\" >\n\t\t\t<img loading=\"lazy\" decoding=\"async\" width=\"450\" height=\"600\" src=\"https:\/\/www.soleum.de\/wp-content\/uploads\/2021\/11\/Altes-Bad-renovieren-9.jpg\" class=\"attachment-large size-large\" alt=\"\" srcset=\"https:\/\/www.soleum.de\/wp-content\/uploads\/2021\/11\/Altes-Bad-renovieren-9.jpg 450w, https:\/\/www.soleum.de\/wp-content\/uploads\/2021\/11\/Altes-Bad-renovieren-9-300x400.jpg 300w\" sizes=\"auto, (max-width: 450px) 100vw, 450px\" \/>\t\t\t\t\t\t\n\t\t\t\t\t<\/div>\n\t\t\t\t\t\t\t\t\n<style>\n#image_363848826 {\n  width: 100%;\n}\n<\/style>\n\t<\/div>\n\t\n\n\n\t\t<\/div>\n\t\t\t\t\t<\/div>\n\n\t\n\n<\/div>\n<div class=\"row\"  id=\"row-224393667\">\n\n\n\t<div id=\"col-747212026\" class=\"col medium-6 small-12 large-6\"  >\n\t\t\t\t<div class=\"col-inner\"  >\n\t\t\t\n\t\t\t\n\n\t<div class=\"img has-hover x md-x lg-x y md-y lg-y\" id=\"image_1593118061\">\n\t\t\t\t\t\t\t\t<div class=\"img-inner dark\" >\n\t\t\t<img loading=\"lazy\" decoding=\"async\" width=\"450\" height=\"600\" src=\"https:\/\/www.soleum.de\/wp-content\/uploads\/2021\/11\/Altes-Bad-renovieren-7.jpg\" class=\"attachment-large size-large\" alt=\"\" srcset=\"https:\/\/www.soleum.de\/wp-content\/uploads\/2021\/11\/Altes-Bad-renovieren-7.jpg 450w, https:\/\/www.soleum.de\/wp-content\/uploads\/2021\/11\/Altes-Bad-renovieren-7-300x400.jpg 300w\" sizes=\"auto, (max-width: 450px) 100vw, 450px\" \/>\t\t\t\t\t\t\n\t\t\t\t\t<\/div>\n\t\t\t\t\t\t\t\t\n<style>\n#image_1593118061 {\n  width: 100%;\n}\n<\/style>\n\t<\/div>\n\t\n\n\n\t\t<\/div>\n\t\t\t\t\t<\/div>\n\n\t\n\n\t<div id=\"col-1319642264\" class=\"col medium-6 small-12 large-6\"  >\n\t\t\t\t<div class=\"col-inner\"  >\n\t\t\t\n\t\t\t\n\n<p>Il bagno sta prendendo forma, il pavimento \u00e8 stato piastrellato di nuovo e leggermente stuccato. In questo modo l&#8217;aspetto delle piastrelle diventa molto pi\u00f9 tranquillo.&nbsp;<\/p>\n<p>Un radiatore per asciugamani riscalda il bagno.<\/p>\n\n\t\t<\/div>\n\t\t\t\t\t<\/div>\n\n\t\n\n<\/div>\n<div class=\"text-center\"><div class=\"is-divider divider clearfix\" style=\"max-width:800px;background-color:rgb(2, 0, 104);\"><\/div><\/div>\n\n<h2>Il nuovo bagno benessere \u00e8 pronto<\/h2>\n<p>Il lavoro e i costi ne sono valsi la pena! Il nuovo bagno con grande doccia a vapore \u00e8 pronto.  <\/p>\n<div class=\"row\"  id=\"row-1119781556\">\n\n\n\t<div id=\"col-1917580192\" class=\"col medium-6 small-12 large-6\"  >\n\t\t\t\t<div class=\"col-inner\"  >\n\t\t\t\n\t\t\t\n\n\t<div class=\"img has-hover x md-x lg-x y md-y lg-y\" id=\"image_1968584140\">\n\t\t\t\t\t\t\t\t<div class=\"img-inner dark\" >\n\t\t\t<img loading=\"lazy\" decoding=\"async\" width=\"450\" height=\"600\" src=\"https:\/\/www.soleum.de\/wp-content\/uploads\/2021\/11\/Altes-Bad-renovieren-nachher.jpg\" class=\"attachment-large size-large\" alt=\"\" srcset=\"https:\/\/www.soleum.de\/wp-content\/uploads\/2021\/11\/Altes-Bad-renovieren-nachher.jpg 450w, https:\/\/www.soleum.de\/wp-content\/uploads\/2021\/11\/Altes-Bad-renovieren-nachher-300x400.jpg 300w\" sizes=\"auto, (max-width: 450px) 100vw, 450px\" \/>\t\t\t\t\t\t\n\t\t\t\t\t<\/div>\n\t\t\t\t\t\t\t\t\n<style>\n#image_1968584140 {\n  width: 100%;\n}\n<\/style>\n\t<\/div>\n\t\n\n\n\t\t<\/div>\n\t\t\t\t\t<\/div>\n\n\t\n\n\t<div id=\"col-605617217\" class=\"col medium-6 small-12 large-6\"  >\n\t\t\t\t<div class=\"col-inner\"  >\n\t\t\t\n\t\t\t\n\n\t<div class=\"img has-hover x md-x lg-x y md-y lg-y\" id=\"image_781019428\">\n\t\t\t\t\t\t\t\t<div class=\"img-inner dark\" >\n\t\t\t<img loading=\"lazy\" decoding=\"async\" width=\"600\" height=\"450\" src=\"https:\/\/www.soleum.de\/wp-content\/uploads\/2021\/11\/Altes-Bad-renovieren-1.jpg\" class=\"attachment-large size-large\" alt=\"\" srcset=\"https:\/\/www.soleum.de\/wp-content\/uploads\/2021\/11\/Altes-Bad-renovieren-1.jpg 600w, https:\/\/www.soleum.de\/wp-content\/uploads\/2021\/11\/Altes-Bad-renovieren-1-533x400.jpg 533w, https:\/\/www.soleum.de\/wp-content\/uploads\/2021\/11\/Altes-Bad-renovieren-1-510x383.jpg 510w\" sizes=\"auto, (max-width: 600px) 100vw, 600px\" \/>\t\t\t\t\t\t\n\t\t\t\t\t<\/div>\n\t\t\t\t\t\t\t\t\n<style>\n#image_781019428 {\n  width: 100%;\n}\n<\/style>\n\t<\/div>\n\t\n\n<p>Accanto alla parete divisoria per la doccia, \u00e8 stato costruito un box in cui sar\u00e0 collocata e nascosta la lavatrice &#8211; GENIALE!<\/p>\n\n\t\t<\/div>\n\t\t\t\t\t<\/div>\n\n\t\n\n<\/div>\n<div class=\"text-center\"><div class=\"is-divider divider clearfix\" style=\"max-width:800px;background-color:rgb(2, 0, 104);\"><\/div><\/div>\n\n<div class=\"container section-title-container\" ><h3 class=\"section-title section-title-normal\"><b aria-hidden=\"true\"><\/b><span class=\"section-title-main\" >Sono stati utilizzati i seguenti prodotti<\/span><b aria-hidden=\"true\"><\/b><\/h3><\/div>\n\n\t\n  \n    <div id=\"product-grid-1479486815\" class=\"row large-columns-4 medium-columns-3 small-columns-2 row-small has-shadow row-box-shadow-1 row-box-shadow-5-hover row-masonry\" data-packery-options='{\"itemSelector\": \".col\", \"gutter\": 0, \"presentageWidth\" : true}'>\n\n  \n\t     <div class=\"col\" >\n\t\t\t\t\t\t<div class=\"col-inner\">\n\t\t\t\t\t\t\n<div class=\"badge-container absolute left top z-1\">\n\n<\/div>\n\t\t\t\t\t\t<div class=\"product-small box has-hover box-normal box-text-bottom\">\n\t\t\t\t\t\t\t<div class=\"box-image\" >\n\t\t\t\t\t\t\t\t<div class=\"\" >\n\t\t\t\t\t\t\t\t\t<a href=\"https:\/\/www.soleum.de\/it\/shop\/panche-per-bagno-turco\/sedile-t75\/panca-per-bagno-turco-t75-con-tappetino-riscaldante\/\" aria-label=\"Panca per bagno turco T75 con tappetino riscaldante 300Wm2\">\n\t\t\t\t\t\t\t\t\t\t<img loading=\"lazy\" decoding=\"async\" width=\"247\" height=\"300\" src=\"https:\/\/www.soleum.de\/wp-content\/uploads\/2017\/01\/SOLEUM-GmbH-T75-Sitz-247x300.jpg\" class=\"show-on-hover absolute fill hide-for-small back-image\" alt=\"Sedile doccia piastrellato T75\" aria-hidden=\"true\" \/><img loading=\"lazy\" decoding=\"async\" width=\"247\" height=\"300\" src=\"https:\/\/www.soleum.de\/wp-content\/uploads\/2017\/01\/Dampfbadbank-T75-heizmatte-247x300.jpg\" class=\"attachment-woocommerce_thumbnail size-woocommerce_thumbnail\" alt=\"Panca per bagno turco-T75-tappetino riscaldante\" \/>\t\t\t\t\t\t\t\t\t<\/a>\n\t\t\t\t\t\t\t\t\t\t\t\t\t\t\t\t\t\t \t\t\t\t\t\t\t\t<\/div>\n\t\t\t\t\t\t\t\t<div class=\"image-tools top right show-on-hover\">\n\t\t\t\t\t\t\t\t\t\t\t\t\t\t\t\t\t<\/div>\n\t\t\t\t\t\t\t\t\t\t\t\t\t\t\t\t\t<div class=\"image-tools grid-tools text-center hide-for-small bottom hover-slide-in show-on-hover\">\n\t\t\t\t\t\t\t\t\t\t<a href=\"#quick-view\" class=\"quick-view\" role=\"button\" data-prod=\"29745\" aria-haspopup=\"dialog\" aria-expanded=\"false\" data-flatsome-role-button>Anteprima<\/a>\t\t\t\t\t\t\t\t\t<\/div>\n\t\t\t\t\t\t\t\t\t\t\t\t\t\t\t\t\t\t\t\t\t\t\t<\/div>\n\n\t\t\t\t\t\t\t<div class=\"box-text text-left\" >\n\t\t\t\t\t\t\t\t<div class=\"title-wrapper\">\t\t<p class=\"category uppercase is-smaller no-text-overflow product-cat op-8\">\n\t\t\tPanche per bagno turco\t\t<\/p>\n\t<p class=\"name product-title woocommerce-loop-product__title\"><a href=\"https:\/\/www.soleum.de\/it\/shop\/panche-per-bagno-turco\/sedile-t75\/panca-per-bagno-turco-t75-con-tappetino-riscaldante\/\" class=\"woocommerce-LoopProduct-link woocommerce-loop-product__link\">Panca per bagno turco T75 con tappetino riscaldante 300Wm2<\/a><\/p><\/div><div class=\"price-wrapper\">\n\t<span class=\"price\"><span class=\"woocommerce-Price-amount amount\"><bdi>6,76&nbsp;<span class=\"woocommerce-Price-currencySymbol\">&euro;<\/span><\/bdi><\/span> <small class=\"woocommerce-price-suffix\">inkl. MWSt.<\/small><\/span>\n<\/div>\t\t\t\t\t\t\t<\/div>\n\t\t\t\t\t\t<\/div>\n\t\t\t\t\t\t<\/div>\n\t\t\t\t\t<\/div><div class=\"col\" >\n\t\t\t\t\t\t<div class=\"col-inner\">\n\t\t\t\t\t\t\n<div class=\"badge-container absolute left top z-1\">\n<div class=\"callout badge badge-circle\"><div class=\"badge-inner secondary on-sale\"><span class=\"onsale\">In offerta!<\/span><\/div><\/div>\n<\/div>\n\t\t\t\t\t\t<div class=\"product-small box has-hover box-normal box-text-bottom\">\n\t\t\t\t\t\t\t<div class=\"box-image\" >\n\t\t\t\t\t\t\t\t<div class=\"\" >\n\t\t\t\t\t\t\t\t\t<a href=\"https:\/\/www.soleum.de\/it\/shop\/generatori-di-vapore\/generatore-di-vapore-sol-steam-plus\/\" aria-label=\"Generatore di vapore SOL-Steam PLUS\">\n\t\t\t\t\t\t\t\t\t\t<img loading=\"lazy\" decoding=\"async\" width=\"247\" height=\"266\" src=\"https:\/\/www.soleum.de\/wp-content\/uploads\/2016\/12\/dampfgenerator-fuer-dampfbad-247x266.jpg\" class=\"show-on-hover absolute fill hide-for-small back-image\" alt=\"generatore di vapore per bagno turco\" aria-hidden=\"true\" \/><img loading=\"lazy\" decoding=\"async\" width=\"247\" height=\"300\" src=\"https:\/\/www.soleum.de\/wp-content\/uploads\/2016\/12\/elektrodendampfgenerator-solsteam_soleum-247x300.jpg\" class=\"attachment-woocommerce_thumbnail size-woocommerce_thumbnail\" alt=\"Generatore di vapore SOL-Steam\" \/>\t\t\t\t\t\t\t\t\t<\/a>\n\t\t\t\t\t\t\t\t\t\t\t\t\t\t\t\t\t\t \t\t\t\t\t\t\t\t<\/div>\n\t\t\t\t\t\t\t\t<div class=\"image-tools top right show-on-hover\">\n\t\t\t\t\t\t\t\t\t\t\t\t\t\t\t\t\t<\/div>\n\t\t\t\t\t\t\t\t\t\t\t\t\t\t\t\t\t<div class=\"image-tools grid-tools text-center hide-for-small bottom hover-slide-in show-on-hover\">\n\t\t\t\t\t\t\t\t\t\t<a href=\"#quick-view\" class=\"quick-view\" role=\"button\" data-prod=\"29286\" aria-haspopup=\"dialog\" aria-expanded=\"false\" data-flatsome-role-button>Anteprima<\/a>\t\t\t\t\t\t\t\t\t<\/div>\n\t\t\t\t\t\t\t\t\t\t\t\t\t\t\t\t\t\t\t\t\t\t\t<\/div>\n\n\t\t\t\t\t\t\t<div class=\"box-text text-left\" >\n\t\t\t\t\t\t\t\t<div class=\"title-wrapper\">\t\t<p class=\"category uppercase is-smaller no-text-overflow product-cat op-8\">\n\t\t\tGeneratori di vapore\t\t<\/p>\n\t<p class=\"name product-title woocommerce-loop-product__title\"><a href=\"https:\/\/www.soleum.de\/it\/shop\/generatori-di-vapore\/generatore-di-vapore-sol-steam-plus\/\" class=\"woocommerce-LoopProduct-link woocommerce-loop-product__link\">Generatore di vapore SOL-Steam PLUS<\/a><\/p><\/div><div class=\"price-wrapper\">\n\t<span class=\"price\"><span class=\"woocommerce-Price-amount amount\" aria-hidden=\"true\"><bdi>2.260,00&nbsp;<span class=\"woocommerce-Price-currencySymbol\">&euro;<\/span><\/bdi><\/span> <span aria-hidden=\"true\">-<\/span> <span class=\"woocommerce-Price-amount amount\" aria-hidden=\"true\"><bdi>3.690,00&nbsp;<span class=\"woocommerce-Price-currencySymbol\">&euro;<\/span><\/bdi><\/span><span class=\"screen-reader-text\">Fascia di prezzo: da 2.260,00&nbsp;&euro; a 3.690,00&nbsp;&euro;<\/span> <small class=\"woocommerce-price-suffix\">inkl. MWSt.<\/small><\/span>\n<\/div>\t\t\t\t\t\t\t<\/div>\n\t\t\t\t\t\t<\/div>\n\t\t\t\t\t\t<\/div>\n\t\t\t\t\t<\/div><div class=\"col\" >\n\t\t\t\t\t\t<div class=\"col-inner\">\n\t\t\t\t\t\t\n<div class=\"badge-container absolute left top z-1\">\n\n<\/div>\n\t\t\t\t\t\t<div class=\"product-small box has-hover box-normal box-text-bottom\">\n\t\t\t\t\t\t\t<div class=\"box-image\" >\n\t\t\t\t\t\t\t\t<div class=\"\" >\n\t\t\t\t\t\t\t\t\t<a href=\"https:\/\/www.soleum.de\/it\/shop\/nebulizzazione-di-salamoia\/nebulizzazione-della-salamoia-per-il-bagno-di-vapore\/\" aria-label=\"Nebulizzazione della salamoia per il bagno di vapore\">\n\t\t\t\t\t\t\t\t\t\t<img loading=\"lazy\" decoding=\"async\" width=\"247\" height=\"300\" src=\"https:\/\/www.soleum.de\/wp-content\/uploads\/2016\/10\/Solevernebelung_fuer_Dampfbad-247x300.jpg\" class=\"attachment-woocommerce_thumbnail size-woocommerce_thumbnail\" alt=\"Nebulizzazione della salamoia per il bagno di vapore\" \/>\t\t\t\t\t\t\t\t\t<\/a>\n\t\t\t\t\t\t\t\t\t\t\t\t\t\t\t\t\t\t \t\t\t\t\t\t\t\t<\/div>\n\t\t\t\t\t\t\t\t<div class=\"image-tools top right show-on-hover\">\n\t\t\t\t\t\t\t\t\t\t\t\t\t\t\t\t\t<\/div>\n\t\t\t\t\t\t\t\t\t\t\t\t\t\t\t\t\t<div class=\"image-tools grid-tools text-center hide-for-small bottom hover-slide-in show-on-hover\">\n\t\t\t\t\t\t\t\t\t\t<a href=\"#quick-view\" class=\"quick-view\" role=\"button\" data-prod=\"29269\" aria-haspopup=\"dialog\" aria-expanded=\"false\" data-flatsome-role-button>Anteprima<\/a>\t\t\t\t\t\t\t\t\t<\/div>\n\t\t\t\t\t\t\t\t\t\t\t\t\t\t\t\t\t\t\t\t\t\t\t<\/div>\n\n\t\t\t\t\t\t\t<div class=\"box-text text-left\" >\n\t\t\t\t\t\t\t\t<div class=\"title-wrapper\">\t\t<p class=\"category uppercase is-smaller no-text-overflow product-cat op-8\">\n\t\t\tNebulizzazione di salamoia\t\t<\/p>\n\t<p class=\"name product-title woocommerce-loop-product__title\"><a href=\"https:\/\/www.soleum.de\/it\/shop\/nebulizzazione-di-salamoia\/nebulizzazione-della-salamoia-per-il-bagno-di-vapore\/\" class=\"woocommerce-LoopProduct-link woocommerce-loop-product__link\">Nebulizzazione della salamoia per il bagno di vapore<\/a><\/p><\/div><div class=\"price-wrapper\">\n\t<span class=\"price\"><span class=\"woocommerce-Price-amount amount\"><bdi>1.490,00&nbsp;<span class=\"woocommerce-Price-currencySymbol\">&euro;<\/span><\/bdi><\/span> <small class=\"woocommerce-price-suffix\">inkl. MWSt.<\/small><\/span>\n<\/div>\t\t\t\t\t\t\t<\/div>\n\t\t\t\t\t\t<\/div>\n\t\t\t\t\t\t<\/div>\n\t\t\t\t\t<\/div><div class=\"col\" >\n\t\t\t\t\t\t<div class=\"col-inner\">\n\t\t\t\t\t\t\n<div class=\"badge-container absolute left top z-1\">\n\n<\/div>\n\t\t\t\t\t\t<div class=\"product-small box has-hover box-normal box-text-bottom\">\n\t\t\t\t\t\t\t<div class=\"box-image\" >\n\t\t\t\t\t\t\t\t<div class=\"\" >\n\t\t\t\t\t\t\t\t\t<a href=\"https:\/\/www.soleum.de\/it\/shop\/tecnologia-del-bagno-di-vapore\/box-tecnologico-per-bagno-turco\/\" aria-label=\"Box tecnico del bagno turco\">\n\t\t\t\t\t\t\t\t\t\t<img loading=\"lazy\" decoding=\"async\" width=\"247\" height=\"300\" src=\"https:\/\/www.soleum.de\/wp-content\/uploads\/2017\/01\/Dampfbad-Technikkasten-Front-247x300.jpg\" class=\"show-on-hover absolute fill hide-for-small back-image\" alt=\"Box tecnico del bagno turco frontale\" aria-hidden=\"true\" \/><img loading=\"lazy\" decoding=\"async\" width=\"247\" height=\"300\" src=\"https:\/\/www.soleum.de\/wp-content\/uploads\/2017\/01\/Soleum-Technikkasten-500-247x300.jpg\" class=\"attachment-woocommerce_thumbnail size-woocommerce_thumbnail\" alt=\"Box tecnico del bagno turco\" \/>\t\t\t\t\t\t\t\t\t<\/a>\n\t\t\t\t\t\t\t\t\t\t\t\t\t\t\t\t\t\t \t\t\t\t\t\t\t\t<\/div>\n\t\t\t\t\t\t\t\t<div class=\"image-tools top right show-on-hover\">\n\t\t\t\t\t\t\t\t\t\t\t\t\t\t\t\t\t<\/div>\n\t\t\t\t\t\t\t\t\t\t\t\t\t\t\t\t\t<div class=\"image-tools grid-tools text-center hide-for-small bottom hover-slide-in show-on-hover\">\n\t\t\t\t\t\t\t\t\t\t<a href=\"#quick-view\" class=\"quick-view\" role=\"button\" data-prod=\"29760\" aria-haspopup=\"dialog\" aria-expanded=\"false\" data-flatsome-role-button>Anteprima<\/a>\t\t\t\t\t\t\t\t\t<\/div>\n\t\t\t\t\t\t\t\t\t\t\t\t\t\t\t\t<div class=\"out-of-stock-label\">Esaurito<\/div>\t\t\t\t\t\t\t<\/div>\n\n\t\t\t\t\t\t\t<div class=\"box-text text-left\" >\n\t\t\t\t\t\t\t\t<div class=\"title-wrapper\">\t\t<p class=\"category uppercase is-smaller no-text-overflow product-cat op-8\">\n\t\t\tTecnologia del bagno di vapore\t\t<\/p>\n\t<p class=\"name product-title woocommerce-loop-product__title\"><a href=\"https:\/\/www.soleum.de\/it\/shop\/tecnologia-del-bagno-di-vapore\/box-tecnologico-per-bagno-turco\/\" class=\"woocommerce-LoopProduct-link woocommerce-loop-product__link\">Box tecnico del bagno turco<\/a><\/p><\/div><div class=\"price-wrapper\">\n\t<span class=\"price\"><span class=\"woocommerce-Price-amount amount\"><bdi>1.410,00&nbsp;<span class=\"woocommerce-Price-currencySymbol\">&euro;<\/span><\/bdi><\/span> <small class=\"woocommerce-price-suffix\">inkl. MWSt.<\/small><\/span>\n<\/div>\t\t\t\t\t\t\t<\/div>\n\t\t\t\t\t\t<\/div>\n\t\t\t\t\t\t<\/div>\n\t\t\t\t\t<\/div><div class=\"col\" >\n\t\t\t\t\t\t<div class=\"col-inner\">\n\t\t\t\t\t\t\n<div class=\"badge-container absolute left top z-1\">\n\n<\/div>\n\t\t\t\t\t\t<div class=\"product-small box has-hover box-normal box-text-bottom\">\n\t\t\t\t\t\t\t<div class=\"box-image\" >\n\t\t\t\t\t\t\t\t<div class=\"\" >\n\t\t\t\t\t\t\t\t\t<a href=\"https:\/\/www.soleum.de\/it\/shop\/tappeti-riscaldanti-per-bagno-turco\/tappeti-riscaldanti-per-bagno-turco-su-misura\/\" aria-label=\"Tappeti riscaldanti per bagno turco realizzati su misura in base al vostro progetto\">\n\t\t\t\t\t\t\t\t\t\t<img loading=\"lazy\" decoding=\"async\" width=\"247\" height=\"300\" src=\"https:\/\/www.soleum.de\/wp-content\/uploads\/2016\/07\/dampfbadheizmatten-auf-mass-247x300.jpg\" class=\"attachment-woocommerce_thumbnail size-woocommerce_thumbnail\" alt=\"Tappeti riscaldanti per bagno turco su misura\" \/>\t\t\t\t\t\t\t\t\t<\/a>\n\t\t\t\t\t\t\t\t\t\t\t\t\t\t\t\t\t\t \t\t\t\t\t\t\t\t<\/div>\n\t\t\t\t\t\t\t\t<div class=\"image-tools top right show-on-hover\">\n\t\t\t\t\t\t\t\t\t\t\t\t\t\t\t\t\t<\/div>\n\t\t\t\t\t\t\t\t\t\t\t\t\t\t\t\t\t<div class=\"image-tools grid-tools text-center hide-for-small bottom hover-slide-in show-on-hover\">\n\t\t\t\t\t\t\t\t\t\t<a href=\"#quick-view\" class=\"quick-view\" role=\"button\" data-prod=\"29430\" aria-haspopup=\"dialog\" aria-expanded=\"false\" data-flatsome-role-button>Anteprima<\/a>\t\t\t\t\t\t\t\t\t<\/div>\n\t\t\t\t\t\t\t\t\t\t\t\t\t\t\t\t\t\t\t\t\t\t\t<\/div>\n\n\t\t\t\t\t\t\t<div class=\"box-text text-left\" >\n\t\t\t\t\t\t\t\t<div class=\"title-wrapper\">\t\t<p class=\"category uppercase is-smaller no-text-overflow product-cat op-8\">\n\t\t\tTappeti riscaldanti per bagno turco\t\t<\/p>\n\t<p class=\"name product-title woocommerce-loop-product__title\"><a href=\"https:\/\/www.soleum.de\/it\/shop\/tappeti-riscaldanti-per-bagno-turco\/tappeti-riscaldanti-per-bagno-turco-su-misura\/\" class=\"woocommerce-LoopProduct-link woocommerce-loop-product__link\">Tappeti riscaldanti per bagno turco realizzati su misura in base al vostro progetto<\/a><\/p><\/div><div class=\"price-wrapper\">\n\t<span class=\"price\"><span class=\"woocommerce-Price-amount amount\"><bdi>320,00&nbsp;<span class=\"woocommerce-Price-currencySymbol\">&euro;<\/span><\/bdi><\/span> <small class=\"woocommerce-price-suffix\">inkl. MWSt.<\/small><\/span>\n<\/div>\t\t\t\t\t\t\t<\/div>\n\t\t\t\t\t\t<\/div>\n\t\t\t\t\t\t<\/div>\n\t\t\t\t\t<\/div><div class=\"col\" >\n\t\t\t\t\t\t<div class=\"col-inner\">\n\t\t\t\t\t\t\n<div class=\"badge-container absolute left top z-1\">\n\n<\/div>\n\t\t\t\t\t\t<div class=\"product-small box has-hover box-normal box-text-bottom\">\n\t\t\t\t\t\t\t<div class=\"box-image\" >\n\t\t\t\t\t\t\t\t<div class=\"\" >\n\t\t\t\t\t\t\t\t\t<a href=\"https:\/\/www.soleum.de\/it\/shop\/lampade-a-led\/set-di-luci-led-colorate-rgbw\/\" aria-label=\"Set di luci LED colorate RGBW\">\n\t\t\t\t\t\t\t\t\t\t<img loading=\"lazy\" decoding=\"async\" width=\"247\" height=\"300\" src=\"https:\/\/www.soleum.de\/wp-content\/uploads\/2019\/05\/RGBW-LEDlampe-Set-247x300.jpg\" class=\"attachment-woocommerce_thumbnail size-woocommerce_thumbnail\" alt=\"Set di luci LED colorate RGBW\" \/>\t\t\t\t\t\t\t\t\t<\/a>\n\t\t\t\t\t\t\t\t\t\t\t\t\t\t\t\t\t\t \t\t\t\t\t\t\t\t<\/div>\n\t\t\t\t\t\t\t\t<div class=\"image-tools top right show-on-hover\">\n\t\t\t\t\t\t\t\t\t\t\t\t\t\t\t\t\t<\/div>\n\t\t\t\t\t\t\t\t\t\t\t\t\t\t\t\t\t<div class=\"image-tools grid-tools text-center hide-for-small bottom hover-slide-in show-on-hover\">\n\t\t\t\t\t\t\t\t\t\t<a href=\"#quick-view\" class=\"quick-view\" role=\"button\" data-prod=\"29950\" aria-haspopup=\"dialog\" aria-expanded=\"false\" data-flatsome-role-button>Anteprima<\/a>\t\t\t\t\t\t\t\t\t<\/div>\n\t\t\t\t\t\t\t\t\t\t\t\t\t\t\t\t\t\t\t\t\t\t\t<\/div>\n\n\t\t\t\t\t\t\t<div class=\"box-text text-left\" >\n\t\t\t\t\t\t\t\t<div class=\"title-wrapper\">\t\t<p class=\"category uppercase is-smaller no-text-overflow product-cat op-8\">\n\t\t\tLampade a LED\t\t<\/p>\n\t<p class=\"name product-title woocommerce-loop-product__title\"><a href=\"https:\/\/www.soleum.de\/it\/shop\/lampade-a-led\/set-di-luci-led-colorate-rgbw\/\" class=\"woocommerce-LoopProduct-link woocommerce-loop-product__link\">Set di luci LED colorate RGBW<\/a><\/p><\/div><div class=\"price-wrapper\">\n\t<span class=\"price\"><span class=\"woocommerce-Price-amount amount\"><bdi>580,00&nbsp;<span class=\"woocommerce-Price-currencySymbol\">&euro;<\/span><\/bdi><\/span> <small class=\"woocommerce-price-suffix\">inkl. MWSt.<\/small><\/span>\n<\/div>\t\t\t\t\t\t\t<\/div>\n\t\t\t\t\t\t<\/div>\n\t\t\t\t\t\t<\/div>\n\t\t\t\t\t<\/div><div class=\"col\" >\n\t\t\t\t\t\t<div class=\"col-inner\">\n\t\t\t\t\t\t\n<div class=\"badge-container absolute left top z-1\">\n\n<\/div>\n\t\t\t\t\t\t<div class=\"product-small box has-hover box-normal box-text-bottom\">\n\t\t\t\t\t\t\t<div class=\"box-image\" >\n\t\t\t\t\t\t\t\t<div class=\"\" >\n\t\t\t\t\t\t\t\t\t<a href=\"https:\/\/www.soleum.de\/it\/shop\/tecnologia-del-bagno-di-vapore\/pompa-dosatrice-per-fragranze\/\" aria-label=\"Pompa dosatrice per fragranze\">\n\t\t\t\t\t\t\t\t\t\t<img loading=\"lazy\" decoding=\"async\" width=\"247\" height=\"300\" src=\"https:\/\/www.soleum.de\/wp-content\/uploads\/2022\/10\/Duftstoffpumpe-shop-247x300.jpg\" class=\"attachment-woocommerce_thumbnail size-woocommerce_thumbnail\" alt=\"Bagno di vapore con pompa di profumo\" \/>\t\t\t\t\t\t\t\t\t<\/a>\n\t\t\t\t\t\t\t\t\t\t\t\t\t\t\t\t\t\t \t\t\t\t\t\t\t\t<\/div>\n\t\t\t\t\t\t\t\t<div class=\"image-tools top right show-on-hover\">\n\t\t\t\t\t\t\t\t\t\t\t\t\t\t\t\t\t<\/div>\n\t\t\t\t\t\t\t\t\t\t\t\t\t\t\t\t\t<div class=\"image-tools grid-tools text-center hide-for-small bottom hover-slide-in show-on-hover\">\n\t\t\t\t\t\t\t\t\t\t<a href=\"#quick-view\" class=\"quick-view\" role=\"button\" data-prod=\"29699\" aria-haspopup=\"dialog\" aria-expanded=\"false\" data-flatsome-role-button>Anteprima<\/a>\t\t\t\t\t\t\t\t\t<\/div>\n\t\t\t\t\t\t\t\t\t\t\t\t\t\t\t\t\t\t\t\t\t\t\t<\/div>\n\n\t\t\t\t\t\t\t<div class=\"box-text text-left\" >\n\t\t\t\t\t\t\t\t<div class=\"title-wrapper\">\t\t<p class=\"category uppercase is-smaller no-text-overflow product-cat op-8\">\n\t\t\tTecnologia del bagno di vapore\t\t<\/p>\n\t<p class=\"name product-title woocommerce-loop-product__title\"><a href=\"https:\/\/www.soleum.de\/it\/shop\/tecnologia-del-bagno-di-vapore\/pompa-dosatrice-per-fragranze\/\" class=\"woocommerce-LoopProduct-link woocommerce-loop-product__link\">Pompa dosatrice per fragranze<\/a><\/p><\/div><div class=\"price-wrapper\">\n\t<span class=\"price\"><span class=\"woocommerce-Price-amount amount\"><bdi>298,00&nbsp;<span class=\"woocommerce-Price-currencySymbol\">&euro;<\/span><\/bdi><\/span> <small class=\"woocommerce-price-suffix\">inkl. MWSt.<\/small><\/span>\n<\/div>\t\t\t\t\t\t\t<\/div>\n\t\t\t\t\t\t<\/div>\n\t\t\t\t\t\t<\/div>\n\t\t\t\t\t<\/div><div class=\"col\" >\n\t\t\t\t\t\t<div class=\"col-inner\">\n\t\t\t\t\t\t\n<div class=\"badge-container absolute left top z-1\">\n\n<\/div>\n\t\t\t\t\t\t<div class=\"product-small box has-hover box-normal box-text-bottom\">\n\t\t\t\t\t\t\t<div class=\"box-image\" >\n\t\t\t\t\t\t\t\t<div class=\"\" >\n\t\t\t\t\t\t\t\t\t<a href=\"https:\/\/www.soleum.de\/it\/shop\/lampade-a-led\/bagno-a-vapore_luce_led_bianco-caldo\/\" aria-label=\"Luce per bagno turco LED bianco caldo\">\n\t\t\t\t\t\t\t\t\t\t<img loading=\"lazy\" decoding=\"async\" width=\"247\" height=\"300\" src=\"https:\/\/www.soleum.de\/wp-content\/uploads\/2016\/07\/Dampfbadlicht-LED-warmweiss-247x300.jpg\" class=\"attachment-woocommerce_thumbnail size-woocommerce_thumbnail\" alt=\"Luce per bagno turco LED bianco caldo\" \/>\t\t\t\t\t\t\t\t\t<\/a>\n\t\t\t\t\t\t\t\t\t\t\t\t\t\t\t\t\t\t \t\t\t\t\t\t\t\t<\/div>\n\t\t\t\t\t\t\t\t<div class=\"image-tools top right show-on-hover\">\n\t\t\t\t\t\t\t\t\t\t\t\t\t\t\t\t\t<\/div>\n\t\t\t\t\t\t\t\t\t\t\t\t\t\t\t\t\t<div class=\"image-tools grid-tools text-center hide-for-small bottom hover-slide-in show-on-hover\">\n\t\t\t\t\t\t\t\t\t\t<a href=\"#quick-view\" class=\"quick-view\" role=\"button\" data-prod=\"29421\" aria-haspopup=\"dialog\" aria-expanded=\"false\" data-flatsome-role-button>Anteprima<\/a>\t\t\t\t\t\t\t\t\t<\/div>\n\t\t\t\t\t\t\t\t\t\t\t\t\t\t\t\t\t\t\t\t\t\t\t<\/div>\n\n\t\t\t\t\t\t\t<div class=\"box-text text-left\" >\n\t\t\t\t\t\t\t\t<div class=\"title-wrapper\">\t\t<p class=\"category uppercase is-smaller no-text-overflow product-cat op-8\">\n\t\t\tLampade a LED\t\t<\/p>\n\t<p class=\"name product-title woocommerce-loop-product__title\"><a href=\"https:\/\/www.soleum.de\/it\/shop\/lampade-a-led\/bagno-a-vapore_luce_led_bianco-caldo\/\" class=\"woocommerce-LoopProduct-link woocommerce-loop-product__link\">Luce per bagno turco LED bianco caldo<\/a><\/p><\/div><div class=\"price-wrapper\">\n\t<span class=\"price\"><span class=\"woocommerce-Price-amount amount\"><bdi>78,00&nbsp;<span class=\"woocommerce-Price-currencySymbol\">&euro;<\/span><\/bdi><\/span> <small class=\"woocommerce-price-suffix\">inkl. MWSt.<\/small><\/span>\n<\/div>\t\t\t\t\t\t\t<\/div>\n\t\t\t\t\t\t<\/div>\n\t\t\t\t\t\t<\/div>\n\t\t\t\t\t<\/div><\/div>\n\n\n","protected":false},"excerpt":{"rendered":"<p>Fai da te: trasformare il vecchio in nuovo &#8211; rinnovare un vecchio bagno<\/p>\n<p>Il risultato: una stanza luminosa con una doccia a vapore Soleum in cui iniziare la giornata con la doccia mattutina.<\/p>\n","protected":false},"author":1,"featured_media":18972,"comment_status":"open","ping_status":"open","sticky":false,"template":"","format":"standard","meta":{"footnotes":""},"categories":[1497],"tags":[2844,2845,2842,2843,2846,2841,2840,2074,1822],"class_list":["post-22917","post","type-post","status-publish","format-standard","has-post-thumbnail","hentry","category-non-categorizzato","tag-bagno-con-doccia-a-vapore","tag-bagno-con-tepidarium","tag-bagno-di-benessere","tag-bagno-di-benessere-it","tag-bagno-moderno","tag-dal-vecchio-al-nuovo","tag-ristrutturare-il-vecchio-bagno-it","tag-ristrutturazione-del-bagno-it","tag-tepidario"],"_links":{"self":[{"href":"https:\/\/www.soleum.de\/it\/wp-json\/wp\/v2\/posts\/22917","targetHints":{"allow":["GET"]}}],"collection":[{"href":"https:\/\/www.soleum.de\/it\/wp-json\/wp\/v2\/posts"}],"about":[{"href":"https:\/\/www.soleum.de\/it\/wp-json\/wp\/v2\/types\/post"}],"author":[{"embeddable":true,"href":"https:\/\/www.soleum.de\/it\/wp-json\/wp\/v2\/users\/1"}],"replies":[{"embeddable":true,"href":"https:\/\/www.soleum.de\/it\/wp-json\/wp\/v2\/comments?post=22917"}],"version-history":[{"count":2,"href":"https:\/\/www.soleum.de\/it\/wp-json\/wp\/v2\/posts\/22917\/revisions"}],"predecessor-version":[{"id":22946,"href":"https:\/\/www.soleum.de\/it\/wp-json\/wp\/v2\/posts\/22917\/revisions\/22946"}],"wp:featuredmedia":[{"embeddable":true,"href":"https:\/\/www.soleum.de\/it\/wp-json\/wp\/v2\/media\/18972"}],"wp:attachment":[{"href":"https:\/\/www.soleum.de\/it\/wp-json\/wp\/v2\/media?parent=22917"}],"wp:term":[{"taxonomy":"category","embeddable":true,"href":"https:\/\/www.soleum.de\/it\/wp-json\/wp\/v2\/categories?post=22917"},{"taxonomy":"post_tag","embeddable":true,"href":"https:\/\/www.soleum.de\/it\/wp-json\/wp\/v2\/tags?post=22917"}],"curies":[{"name":"wp","href":"https:\/\/api.w.org\/{rel}","templated":true}]}}